{"id":5067,"date":"2023-10-18T15:11:11","date_gmt":"2023-10-18T18:11:11","guid":{"rendered":"https:\/\/cidadebaixaonline.com.br\/?p=5067"},"modified":"2023-10-18T15:11:12","modified_gmt":"2023-10-18T18:11:12","slug":"com-recuo-de-alimentos-inflacao-acumulada-e-menor-para-os-mais-pobres","status":"publish","type":"post","link":"https:\/\/cidadebaixaonline.com.br\/index.php\/2023\/10\/18\/com-recuo-de-alimentos-inflacao-acumulada-e-menor-para-os-mais-pobres\/","title":{"rendered":"Com recuo de alimentos, infla\u00e7\u00e3o acumulada \u00e9 menor para os mais pobres"},"content":{"rendered":"\n<p>O recuo no pre\u00e7o dos alimentos e bebidas ajudou a infla\u00e7\u00e3o a pesar menos no bolso das fam\u00edlias de baixa renda nos \u00faltimos 12 meses, na compara\u00e7\u00e3o com os lares de renda m\u00e9dia e alta. A constata\u00e7\u00e3o faz parte do Indicador de Infla\u00e7\u00e3o por Faixa de Renda do Instituto de Pesquisa Econ\u00f4mica Aplicada (Ipea), divulgado nesta ter\u00e7a-feira (17).<\/p>\n\n\n\n<p>Enquanto o \u00cdndice Nacional de Pre\u00e7os ao Consumidor Amplo (IPCA), calculado pelo Instituto Brasileiro de Geografia e Estat\u00edstica (IBGE), ficou em 5,19%, a infla\u00e7\u00e3o para as fam\u00edlias com renda muito baixa foi de 3,9%. J\u00e1 para as de renda baixa, 4,45%. &nbsp;<\/p>\n\n\n\n<p>De acordo com o indicador do Ipea, \u00e9 considerada renda muito baixa a fam\u00edlia que recebe at\u00e9 de R$ 2.015 por m\u00eas. As de renda baixa est\u00e3o na faixa de R$ 2.015 a R$ 3.022. &nbsp;<\/p>\n\n\n\n<p>Nos lares com rendas m\u00e9dia-alta e alta, a infla\u00e7\u00e3o acumulada em 12 meses ficou em 5,95% e 6,41%, respectivamente.<\/p>\n\n\n\n<p>S\u00e3o classificadas como renda m\u00e9dia-alta os grupos familiares que recebem de R$ 10.075 a R$ 20.151. Os de renda alta t\u00eam rendimento superior a R$ 20.151. &nbsp;<\/p>\n\n\n\n<h2 class=\"wp-block-heading\">Alimentos<\/h2>\n\n\n\n<p>Tanto na infla\u00e7\u00e3o acumulada de 12 meses quanto na setembro, o custo dos alimentos foi o item que mais aliviou o peso no or\u00e7amento dos mais pobres. S\u00e3o quatro meses seguidos de recuo no pre\u00e7o da comida.&nbsp;<\/p>\n\n\n\n<p>Em setembro, esse comportamento foi motivado pelos pre\u00e7os do feij\u00e3o (-7,6%), farinha de trigo (-3,3%), batata (-10,4%), carnes (-2,9%), aves e ovos (-1,7%), leite (-4,1%) e o \u00f3leo de soja (-1,2%).<\/p>\n\n\n\n<p>Esse al\u00edvio \u00e9 sentido mais fortemente pelas fam\u00edlias com rendas mais baixas, \u201cdado o peso desses itens nas suas cestas de consumo\u201d, explica a pesquisadora do Ipea Maria Andreia Parente Lameiras. Ou seja, fam\u00edlias mais pobres gastam, proporcionalmente, mais com comida que as mais ricas.<\/p>\n\n\n\n<h2 class=\"wp-block-heading\">Outros gastos<\/h2>\n\n\n\n<p>Ainda no m\u00eas passado, pelo lado da alta de pre\u00e7os, os reajustes de 1% nas tarifas de energia el\u00e9trica e de 2,8% da gasolina fizeram dos grupos habita\u00e7\u00e3o e transportes os principais focos de press\u00e3o para todas as classes de renda. No entanto, para os segmentos de renda mais alta, al\u00e9m do aumento dos combust\u00edveis, as altas de 13,5% das passagens a\u00e9reas e de 4,6% dos transportes por aplicativo for\u00e7aram uma alta mais forte do grupo transportes, uma vez que esse gasto pesa mais no or\u00e7amento destas fam\u00edlias.<\/p>\n\n\n\n<p>No acumulado dos \u00faltimos 12 meses, os itens que mais pesaram para todas as fam\u00edlias foram transportes (1,63%) e sa\u00fade e cuidados pessoais (1,10%). Nessa compara\u00e7\u00e3o, o grupo de renda muito baixa tamb\u00e9m sofreu menos impacto negativo que o de renda alta.<\/p>\n\n\n\n<p>Enquanto o transporte apresentou infla\u00e7\u00e3o de 1,01% para o grupo renda muito baixa, foi quase o dobro (1,94%) para a renda alta. Em rela\u00e7\u00e3o \u00e0 sa\u00fade e cuidados pessoais, foi de 1,01% e 1,26%, respectivamente.<\/p>\n\n\n\n<p>Fonte: Agencia Brasil<\/p>\n","protected":false},"excerpt":{"rendered":"<p>O recuo no pre\u00e7o dos alimentos e bebidas ajudou a infla\u00e7\u00e3o a pesar menos no bolso das fam\u00edlias de baixa renda nos \u00faltimos 12 meses, na compara\u00e7\u00e3o com os lares de renda m\u00e9dia e alta. A constata\u00e7\u00e3o faz parte do Indicador de Infla\u00e7\u00e3o por Faixa de Renda do Instituto de Pesquisa Econ\u00f4mica Aplicada (Ipea), divulgado [&hellip;]<\/p>\n","protected":false},"author":2,"featured_media":5068,"comment_status":"open","ping_status":"open","sticky":false,"template":"","format":"standard","meta":{"jnews-multi-image_gallery":[],"jnews_single_post":{"subtitle":"","format":"standard","video":"","gallery":"","source_name":"","source_url":"","via_name":"","via_url":"","override_template":"0","override":[{"template":"1","single_blog_custom":"","parallax":"1","fullscreen":"1","layout":"right-sidebar","sidebar":"default-sidebar","second_sidebar":"default-sidebar","sticky_sidebar":"1","share_position":"top","share_float_style":"share-monocrhome","show_share_counter":"0","show_view_counter":"0","show_featured":"1","show_post_meta":"1","show_post_author":"0","show_post_author_image":"1","show_post_date":"1","post_date_format":"default","post_date_format_custom":"Y\/m\/d","show_post_category":"1","show_post_reading_time":"0","post_reading_time_wpm":"300","show_zoom_button":"0","zoom_button_out_step":"2","zoom_button_in_step":"3","show_post_tag":"1","show_prev_next_post":"1","show_popup_post":"1","number_popup_post":"1","show_author_box":"0","show_post_related":"0","show_inline_post_related":"0"}],"override_image_size":"0","image_override":[{"single_post_thumbnail_size":"no-crop","single_post_gallery_size":"crop-715"}],"trending_post":"0","trending_post_position":"meta","trending_post_label":"Trending","sponsored_post":"0","sponsored_post_label":"Sponsored by","sponsored_post_name":"","sponsored_post_url":"","sponsored_post_logo_enable":"0","sponsored_post_logo":"","sponsored_post_desc":"","disable_ad":"0"},"jnews_primary_category":{"id":"","hide":""},"footnotes":""},"categories":[92],"tags":[],"class_list":["post-5067","post","type-post","status-publish","format-standard","has-post-thumbnail","hentry","category-economia"],"_links":{"self":[{"href":"https:\/\/cidadebaixaonline.com.br\/index.php\/wp-json\/wp\/v2\/posts\/5067","targetHints":{"allow":["GET"]}}],"collection":[{"href":"https:\/\/cidadebaixaonline.com.br\/index.php\/wp-json\/wp\/v2\/posts"}],"about":[{"href":"https:\/\/cidadebaixaonline.com.br\/index.php\/wp-json\/wp\/v2\/types\/post"}],"author":[{"embeddable":true,"href":"https:\/\/cidadebaixaonline.com.br\/index.php\/wp-json\/wp\/v2\/users\/2"}],"replies":[{"embeddable":true,"href":"https:\/\/cidadebaixaonline.com.br\/index.php\/wp-json\/wp\/v2\/comments?post=5067"}],"version-history":[{"count":1,"href":"https:\/\/cidadebaixaonline.com.br\/index.php\/wp-json\/wp\/v2\/posts\/5067\/revisions"}],"predecessor-version":[{"id":5069,"href":"https:\/\/cidadebaixaonline.com.br\/index.php\/wp-json\/wp\/v2\/posts\/5067\/revisions\/5069"}],"wp:featuredmedia":[{"embeddable":true,"href":"https:\/\/cidadebaixaonline.com.br\/index.php\/wp-json\/wp\/v2\/media\/5068"}],"wp:attachment":[{"href":"https:\/\/cidadebaixaonline.com.br\/index.php\/wp-json\/wp\/v2\/media?parent=5067"}],"wp:term":[{"taxonomy":"category","embeddable":true,"href":"https:\/\/cidadebaixaonline.com.br\/index.php\/wp-json\/wp\/v2\/categories?post=5067"},{"taxonomy":"post_tag","embeddable":true,"href":"https:\/\/cidadebaixaonline.com.br\/index.php\/wp-json\/wp\/v2\/tags?post=5067"}],"curies":[{"name":"wp","href":"https:\/\/api.w.org\/{rel}","templated":true}]}}