{"id":5054,"date":"2023-10-18T11:25:48","date_gmt":"2023-10-18T14:25:48","guid":{"rendered":"https:\/\/cidadebaixaonline.com.br\/?p=5054"},"modified":"2023-10-18T11:25:50","modified_gmt":"2023-10-18T14:25:50","slug":"jeronimo-diz-que-3a-empresa-foi-reprovada-no-teste-de-cameras-para-pms","status":"publish","type":"post","link":"https:\/\/cidadebaixaonline.com.br\/index.php\/2023\/10\/18\/jeronimo-diz-que-3a-empresa-foi-reprovada-no-teste-de-cameras-para-pms\/","title":{"rendered":"Jer\u00f4nimo diz que 3\u00aa empresa foi reprovada no teste de c\u00e2meras para PMs"},"content":{"rendered":"\n<p>O governador Jer\u00f4nimo Rodrigues anunciou, na manh\u00e3 desta quarta-feira (18), que mais uma empresa que ficaria respons\u00e1vel pelas c\u00e2meras do fardamento dos policiais da Bahia foi desclassificada pela Secretaria de Seguran\u00e7a P\u00fablica do estado (SSP-BA).<\/p>\n\n\n\n<p>Em entrevista para a TV Bahia, durante a inaugura\u00e7\u00e3o de um col\u00e9gio em tempo integral, em Cajazeiras, ele disse que o processo burocr\u00e1tico o deixa &#8220;cansado&#8221; e &#8220;irritado&#8221;, mas que precisa ter paci\u00eancia.<\/p>\n\n\n\n<p>&#8220;Chamamos a 1\u00aa [empresa], a 2\u00aa e j\u00e1 estamos na quarta. \u00c9 um processo legal, a gente n\u00e3o pode, como governador, colocar a caneta e resolver. Meu desejo era esse, porque eu tenho pressa para que isso aconte\u00e7a&#8221;, disse Jer\u00f4nimo Rodrigues.<\/p>\n\n\n\n<p>No dia 3 de outubro, a terceira empresa classificada na licita\u00e7\u00e3o para aquisi\u00e7\u00e3o das c\u00e2meras corporais (bodycams),\u00a0passou pelos testes ap\u00f3s a segunda ser desclassificada. Com isso, a quarta colocada passa a ter os documentos analisados pela secretaria.<\/p>\n\n\n\n<p>De acordo com a SSP-BA, a segunda empresa que forneceria as bodycams, como s\u00e3o conhecidas, tamb\u00e9m foi desclassificada por n\u00e3o atender as demandas solicitadas no edital. Na ocasi\u00e3o, o \u00f3rg\u00e3o informou que os equipamentos apresentaram inconsist\u00eancias nas imagens geradas.<\/p>\n\n\n\n<p>O governador Jer\u00f4nimo Rodrigues n\u00e3o detalhou o motivo da reprova\u00e7\u00e3o da terceira empresa.<\/p>\n\n\n\n<p>Os pontos avaliados, de acordo com a SSP-BA, ser\u00e3o: qualidade das imagens e dos \u00e1udios captados durante atividades preventivas e ostensivas, autonomia da bateria, resist\u00eancia, transmiss\u00e3o e armazenamento de imagens.<\/p>\n\n\n\n<p>Ainda segundo a Secretaria de Seguran\u00e7a P\u00fablica da Bahia ap\u00f3s essa fase, n\u00e3o existindo impedimentos, ser\u00e1 marcada uma nova prova de conceito, com acompanhamento do Minist\u00e9rio P\u00fablico (MP-BA), do Tribunal de Contas do Estado (TCE), da Auditoria Geral do Estado, da Defensoria P\u00fablica do Estado (DPE) e de Organiza\u00e7\u00f5es N\u00e3o Governamentais (ONGs). As institui\u00e7\u00f5es participaram da mesma etapa promovida com a empresa desclassificada.<\/p>\n\n\n\n<p>Em maio de 2023, a SSP-BA\u00a0cancelou a licita\u00e7\u00e3o para a aquisi\u00e7\u00e3o dos servi\u00e7os\u00a0ap\u00f3s empresas da \u00e1rea de tecnologia pedirem esclarecimentos e impugna\u00e7\u00f5es. A suspens\u00e3o do processo acontece no mesmo dia em que deveria ocorrer o preg\u00e3o eletr\u00f4nico para registrar pre\u00e7o e contrata\u00e7\u00e3o da ferramenta.<\/p>\n\n\n\n<p>As c\u00e2maras corporais, chamadas de body cams, s\u00e3o aparelhos acoplados nas fardas dos policiais e filmam opera\u00e7\u00f5es dos militares.<\/p>\n\n\n\n<p>Fonte: iBahia <\/p>\n\n\n\n<p><\/p>\n","protected":false},"excerpt":{"rendered":"<p>O governador Jer\u00f4nimo Rodrigues anunciou, na manh\u00e3 desta quarta-feira (18), que mais uma empresa que ficaria respons\u00e1vel pelas c\u00e2meras do fardamento dos policiais da Bahia foi desclassificada pela Secretaria de Seguran\u00e7a P\u00fablica do estado (SSP-BA). Em entrevista para a TV Bahia, durante a inaugura\u00e7\u00e3o de um col\u00e9gio em tempo integral, em Cajazeiras, ele disse que [&hellip;]<\/p>\n","protected":false},"author":2,"featured_media":5055,"comment_status":"open","ping_status":"open","sticky":false,"template":"","format":"standard","meta":{"jnews-multi-image_gallery":[],"jnews_single_post":{"subtitle":"","format":"standard","video":"","gallery":"","source_name":"","source_url":"","via_name":"","via_url":"","override_template":"0","override":[{"template":"1","single_blog_custom":"","parallax":"1","fullscreen":"1","layout":"right-sidebar","sidebar":"default-sidebar","second_sidebar":"default-sidebar","sticky_sidebar":"1","share_position":"top","share_float_style":"share-monocrhome","show_share_counter":"0","show_view_counter":"0","show_featured":"1","show_post_meta":"1","show_post_author":"0","show_post_author_image":"1","show_post_date":"1","post_date_format":"default","post_date_format_custom":"Y\/m\/d","show_post_category":"1","show_post_reading_time":"0","post_reading_time_wpm":"300","show_zoom_button":"0","zoom_button_out_step":"2","zoom_button_in_step":"3","show_post_tag":"1","show_prev_next_post":"1","show_popup_post":"1","number_popup_post":"1","show_author_box":"0","show_post_related":"0","show_inline_post_related":"0"}],"override_image_size":"0","image_override":[{"single_post_thumbnail_size":"no-crop","single_post_gallery_size":"crop-715"}],"trending_post":"0","trending_post_position":"meta","trending_post_label":"Trending","sponsored_post":"0","sponsored_post_label":"Sponsored by","sponsored_post_name":"","sponsored_post_url":"","sponsored_post_logo_enable":"0","sponsored_post_logo":"","sponsored_post_desc":"","disable_ad":"0"},"jnews_primary_category":{"id":"","hide":""},"footnotes":""},"categories":[91],"tags":[],"class_list":["post-5054","post","type-post","status-publish","format-standard","has-post-thumbnail","hentry","category-politica"],"_links":{"self":[{"href":"https:\/\/cidadebaixaonline.com.br\/index.php\/wp-json\/wp\/v2\/posts\/5054","targetHints":{"allow":["GET"]}}],"collection":[{"href":"https:\/\/cidadebaixaonline.com.br\/index.php\/wp-json\/wp\/v2\/posts"}],"about":[{"href":"https:\/\/cidadebaixaonline.com.br\/index.php\/wp-json\/wp\/v2\/types\/post"}],"author":[{"embeddable":true,"href":"https:\/\/cidadebaixaonline.com.br\/index.php\/wp-json\/wp\/v2\/users\/2"}],"replies":[{"embeddable":true,"href":"https:\/\/cidadebaixaonline.com.br\/index.php\/wp-json\/wp\/v2\/comments?post=5054"}],"version-history":[{"count":1,"href":"https:\/\/cidadebaixaonline.com.br\/index.php\/wp-json\/wp\/v2\/posts\/5054\/revisions"}],"predecessor-version":[{"id":5056,"href":"https:\/\/cidadebaixaonline.com.br\/index.php\/wp-json\/wp\/v2\/posts\/5054\/revisions\/5056"}],"wp:featuredmedia":[{"embeddable":true,"href":"https:\/\/cidadebaixaonline.com.br\/index.php\/wp-json\/wp\/v2\/media\/5055"}],"wp:attachment":[{"href":"https:\/\/cidadebaixaonline.com.br\/index.php\/wp-json\/wp\/v2\/media?parent=5054"}],"wp:term":[{"taxonomy":"category","embeddable":true,"href":"https:\/\/cidadebaixaonline.com.br\/index.php\/wp-json\/wp\/v2\/categories?post=5054"},{"taxonomy":"post_tag","embeddable":true,"href":"https:\/\/cidadebaixaonline.com.br\/index.php\/wp-json\/wp\/v2\/tags?post=5054"}],"curies":[{"name":"wp","href":"https:\/\/api.w.org\/{rel}","templated":true}]}}