{"id":5051,"date":"2023-10-18T11:10:46","date_gmt":"2023-10-18T14:10:46","guid":{"rendered":"https:\/\/cidadebaixaonline.com.br\/?p=5051"},"modified":"2023-10-18T11:10:48","modified_gmt":"2023-10-18T14:10:48","slug":"deputado-e-acusado-de-espancar-a-companheira-ate-ela-desmaiar","status":"publish","type":"post","link":"https:\/\/cidadebaixaonline.com.br\/index.php\/2023\/10\/18\/deputado-e-acusado-de-espancar-a-companheira-ate-ela-desmaiar\/","title":{"rendered":"Deputado \u00e9 acusado de espancar a companheira at\u00e9 ela desmaiar"},"content":{"rendered":"\n<p>Carlos Alberto da Cunha (PP), deputado federal que ficou conhecido como youtuber e delegado Da Cunha, foi acusado de les\u00e3o corporal, amea\u00e7a, inj\u00faria e viol\u00eancia dom\u00e9stica pela companheira, a nutricionista Betina Grusiecki. As agress\u00f5es teriam acontecido dentro do apartamento do casal em Santos, no litoral de S\u00e3o Paulo.<\/p>\n\n\n\n<p>De acordo com o g1, o crime aconteceu em um apartamento em um condom\u00ednio na Rua Ricardo Pinto, no bairro Aparecida, em Santos, no litoral de S\u00e3o Paulo. \u00c0 Pol\u00edcia Civil, a mulher, de 28 anos, relatou que tem uni\u00e3o est\u00e1vel com o deputado h\u00e1 tr\u00eas anos e mora junto com ele.<\/p>\n\n\n\n<p>No depoimento, Grusiecki disse que Da Cunha come\u00e7ou uma discuss\u00e3o ap\u00f3s consumir bebida alco\u00f3lica no s\u00e1bado (14) e, em determinado momento, passou a xing\u00e1-la de \u201clixo\u201d e \u201cputinha\u201d. Segundo ela, em seguida, o delegado come\u00e7ou as agress\u00f5es. A v\u00edtima relatou ainda que chegou a desmaiar ap\u00f3s Da Cunha apertar o pesco\u00e7o e bater a cabe\u00e7a dela na parede. Betina tamb\u00e9m disse que quando acordou, viu o homem voltar em sua dire\u00e7\u00e3o e, para se defender, jogou um secador de cabelos nele.<\/p>\n\n\n\n<p>Depois disso, o deputado teria voltado a bater a cabe\u00e7a da companheira contra a parede e fazer amea\u00e7as. \u201cVou encher de tiros a sua cabe\u00e7a, vou te matar e vou matar sua m\u00e3e\u201d, teria dito Da Cunha. Conforme o boletim, as falas aconteceram antes de quebrar os \u00f3culos e destruir as roupas da mulher.<\/p>\n\n\n\n<p>A v\u00edtima solicitou medida protetiva e foi orientada sobre os direitos.<\/p>\n\n\n\n<p>A assessoria de imprensa do deputado Da Cunha informou, em nota, que ele nega veementemente que tenha agredido a companheira. O comunicado diz que \u201chouve uma discuss\u00e3o, em meio \u00e0 comemora\u00e7\u00e3o de seu anivers\u00e1rio, mas em nenhum momento ocorreu qualquer tipo de viol\u00eancia f\u00edsica de sua parte\u201d. A defesa disse ainda que os fatos \u201cficar\u00e3o comprovados no decorrer do inqu\u00e9rito\u201d.<\/p>\n\n\n\n<p>Fonte: Bnews <\/p>\n","protected":false},"excerpt":{"rendered":"<p>Carlos Alberto da Cunha (PP), deputado federal que ficou conhecido como youtuber e delegado Da Cunha, foi acusado de les\u00e3o corporal, amea\u00e7a, inj\u00faria e viol\u00eancia dom\u00e9stica pela companheira, a nutricionista Betina Grusiecki. As agress\u00f5es teriam acontecido dentro do apartamento do casal em Santos, no litoral de S\u00e3o Paulo. De acordo com o g1, o crime [&hellip;]<\/p>\n","protected":false},"author":2,"featured_media":5052,"comment_status":"open","ping_status":"open","sticky":false,"template":"","format":"standard","meta":{"jnews-multi-image_gallery":[],"jnews_single_post":{"subtitle":"","format":"standard","video":"","gallery":"","source_name":"","source_url":"","via_name":"","via_url":"","override_template":"0","override":[{"template":"1","single_blog_custom":"","parallax":"1","fullscreen":"1","layout":"right-sidebar","sidebar":"default-sidebar","second_sidebar":"default-sidebar","sticky_sidebar":"1","share_position":"top","share_float_style":"share-monocrhome","show_share_counter":"0","show_view_counter":"0","show_featured":"1","show_post_meta":"1","show_post_author":"0","show_post_author_image":"1","show_post_date":"1","post_date_format":"default","post_date_format_custom":"Y\/m\/d","show_post_category":"1","show_post_reading_time":"0","post_reading_time_wpm":"300","show_zoom_button":"0","zoom_button_out_step":"2","zoom_button_in_step":"3","show_post_tag":"1","show_prev_next_post":"1","show_popup_post":"1","number_popup_post":"1","show_author_box":"0","show_post_related":"0","show_inline_post_related":"0"}],"override_image_size":"0","image_override":[{"single_post_thumbnail_size":"no-crop","single_post_gallery_size":"crop-715"}],"trending_post":"0","trending_post_position":"meta","trending_post_label":"Trending","sponsored_post":"0","sponsored_post_label":"Sponsored by","sponsored_post_name":"","sponsored_post_url":"","sponsored_post_logo_enable":"0","sponsored_post_logo":"","sponsored_post_desc":"","disable_ad":"0"},"jnews_primary_category":{"id":"","hide":""},"footnotes":""},"categories":[91],"tags":[],"class_list":["post-5051","post","type-post","status-publish","format-standard","has-post-thumbnail","hentry","category-politica"],"_links":{"self":[{"href":"https:\/\/cidadebaixaonline.com.br\/index.php\/wp-json\/wp\/v2\/posts\/5051","targetHints":{"allow":["GET"]}}],"collection":[{"href":"https:\/\/cidadebaixaonline.com.br\/index.php\/wp-json\/wp\/v2\/posts"}],"about":[{"href":"https:\/\/cidadebaixaonline.com.br\/index.php\/wp-json\/wp\/v2\/types\/post"}],"author":[{"embeddable":true,"href":"https:\/\/cidadebaixaonline.com.br\/index.php\/wp-json\/wp\/v2\/users\/2"}],"replies":[{"embeddable":true,"href":"https:\/\/cidadebaixaonline.com.br\/index.php\/wp-json\/wp\/v2\/comments?post=5051"}],"version-history":[{"count":1,"href":"https:\/\/cidadebaixaonline.com.br\/index.php\/wp-json\/wp\/v2\/posts\/5051\/revisions"}],"predecessor-version":[{"id":5053,"href":"https:\/\/cidadebaixaonline.com.br\/index.php\/wp-json\/wp\/v2\/posts\/5051\/revisions\/5053"}],"wp:featuredmedia":[{"embeddable":true,"href":"https:\/\/cidadebaixaonline.com.br\/index.php\/wp-json\/wp\/v2\/media\/5052"}],"wp:attachment":[{"href":"https:\/\/cidadebaixaonline.com.br\/index.php\/wp-json\/wp\/v2\/media?parent=5051"}],"wp:term":[{"taxonomy":"category","embeddable":true,"href":"https:\/\/cidadebaixaonline.com.br\/index.php\/wp-json\/wp\/v2\/categories?post=5051"},{"taxonomy":"post_tag","embeddable":true,"href":"https:\/\/cidadebaixaonline.com.br\/index.php\/wp-json\/wp\/v2\/tags?post=5051"}],"curies":[{"name":"wp","href":"https:\/\/api.w.org\/{rel}","templated":true}]}}