{"id":5023,"date":"2023-10-16T11:24:40","date_gmt":"2023-10-16T14:24:40","guid":{"rendered":"https:\/\/cidadebaixaonline.com.br\/?p=5023"},"modified":"2023-10-16T11:24:43","modified_gmt":"2023-10-16T14:24:43","slug":"alunos-da-ilha-de-mare-aprendem-literatura-em-passeios-de-barco","status":"publish","type":"post","link":"https:\/\/cidadebaixaonline.com.br\/index.php\/2023\/10\/16\/alunos-da-ilha-de-mare-aprendem-literatura-em-passeios-de-barco\/","title":{"rendered":"Alunos da Ilha de Mar\u00e9 aprendem literatura em passeios de barco"},"content":{"rendered":"\n<p>Imagine fazer um passeio de barco apreciando as belezas naturais de Salvador e, de quebra, ouvir hist\u00f3rias, assistir apresenta\u00e7\u00f5es de teatro ou performances art\u00edsticas no trajeto. Essa \u00e9 a experi\u00eancia que o projeto \u201cAs literaturas que flutuam em Ilha de Mar\u00e9\u201d est\u00e1 proporcionando a crian\u00e7as e adolescentes das escolas municipais da ilha neste m\u00eas de outubro.<\/p>\n\n\n\n<p>Em cada edi\u00e7\u00e3o est\u00e3o sendo realizados encontros com escritores, poetas e contadores de hist\u00f3rias para o p\u00fablico infantojuvenil, a partir de pr\u00e1ticas de leitura que ser\u00e3o desenvolvidas nas unidades de ensino da ilha. Com estas a\u00e7\u00f5es, o projeto pretende despertar nos alunos o gosto pela literatura, senso cr\u00edtico e amplia\u00e7\u00e3o da vis\u00e3o de mundo.<\/p>\n\n\n\n<p>As a\u00e7\u00f5es englobam est\u00edmulo \u00e0 leitura de obras liter\u00e1rias cl\u00e1ssicas e contempor\u00e2neas, interc\u00e2mbio de pr\u00e1ticas leitoras entre as escolas da ilha e desenvolvimento de leituras e apresenta\u00e7\u00f5es liter\u00e1rias dentro do barco durante o percurso feito pelos estudantes. S\u00e3o contempladas com a iniciativa todas as escolas da rede municipal de ensino da Ilha de Mar\u00e9, beneficiando 250 alunos.<\/p>\n\n\n\n<p>A autora do \u201cAs literaturas que flutuam em Ilha de Mar\u00e9\u201d, Gene de Jesus, destacou que a arte transforma a vida das pessoas. Por isso, esse \u00e9 o maior ganho do projeto. Ela, que atua como vice-diretora na Rede Municipal de Ensino, trabalha com o fomento \u00e0 leitura neste vi\u00e9s desde o ano 2000.<\/p>\n\n\n\n<p>&#8220;De l\u00e1 pra c\u00e1 sempre trabalho com literatura liter\u00e1ria e em Ilha de Mar\u00e9 \u00e9 a primeira vez. O projeto foi pensado para trazer o encantamento pelas letras e o mundo das hist\u00f3rias que pode ser propiciado a essas crian\u00e7as e adolescentes&#8221;, conta Gene.<\/p>\n\n\n\n<p><strong>Programa\u00e7\u00e3o<\/strong>&nbsp;&#8211; Ao todo s\u00e3o quatro dias de atividades com escritoras, contadoras de hist\u00f3rias e poetisas. No primeiro encontro, realizado no \u00faltimo dia 9, a travessia foi feita de barco entre Santana e Bananeiras e teve a presen\u00e7a da atriz, escritora, diretora teatral, contadora de hist\u00f3rias e curadora do projeto Quarta Free, do Pelourinho, Ana Paula Carneiro.<\/p>\n\n\n\n<p>Nesta segunda-feira (16), a professora, poetisa, escritora e membro da Academia de Literatura Brasil, B\u00e1rbara Guimar\u00e3es, ser\u00e1 respons\u00e1vel por guiar as crian\u00e7as pelo universo da literatura. A travessia de barco ser\u00e1 feita de Bananeiras a Botelho.<\/p>\n\n\n\n<p>No pr\u00f3ximo dia 20 o encontro vai ser duplo e vai contar com a presen\u00e7a da autora do livro \u201cComunh\u00e3o Amiga\u201d, Amanda Maria, e uma convidada-surpresa. O passeio ser\u00e1 de Praia Grande a Bananeiras. Por fim, no dia 23, \u00faltimo dia do projeto, quem vai guiar a crian\u00e7ada pela literatura s\u00e3o as contadoras de hist\u00f3rias e mediadoras de leitura Gene de Jesus e Alcione Sacramento. O barco sair\u00e1 do Norte at\u00e9 Bananeiras.<\/p>\n\n\n\n<p>Fonte: TRBN<\/p>\n","protected":false},"excerpt":{"rendered":"<p>Imagine fazer um passeio de barco apreciando as belezas naturais de Salvador e, de quebra, ouvir hist\u00f3rias, assistir apresenta\u00e7\u00f5es de teatro ou performances art\u00edsticas no trajeto. Essa \u00e9 a experi\u00eancia que o projeto \u201cAs literaturas que flutuam em Ilha de Mar\u00e9\u201d est\u00e1 proporcionando a crian\u00e7as e adolescentes das escolas municipais da ilha neste m\u00eas de [&hellip;]<\/p>\n","protected":false},"author":2,"featured_media":5024,"comment_status":"open","ping_status":"open","sticky":false,"template":"","format":"standard","meta":{"jnews-multi-image_gallery":[],"jnews_single_post":{"subtitle":"","format":"standard","video":"","gallery":"","source_name":"","source_url":"","via_name":"","via_url":"","override_template":"0","override":[{"template":"1","single_blog_custom":"","parallax":"1","fullscreen":"1","layout":"right-sidebar","sidebar":"default-sidebar","second_sidebar":"default-sidebar","sticky_sidebar":"1","share_position":"top","share_float_style":"share-monocrhome","show_share_counter":"0","show_view_counter":"0","show_featured":"1","show_post_meta":"1","show_post_author":"0","show_post_author_image":"1","show_post_date":"1","post_date_format":"default","post_date_format_custom":"Y\/m\/d","show_post_category":"1","show_post_reading_time":"0","post_reading_time_wpm":"300","show_zoom_button":"0","zoom_button_out_step":"2","zoom_button_in_step":"3","show_post_tag":"1","show_prev_next_post":"1","show_popup_post":"1","number_popup_post":"1","show_author_box":"0","show_post_related":"0","show_inline_post_related":"0"}],"override_image_size":"0","image_override":[{"single_post_thumbnail_size":"no-crop","single_post_gallery_size":"crop-715"}],"trending_post":"0","trending_post_position":"meta","trending_post_label":"Trending","sponsored_post":"0","sponsored_post_label":"Sponsored by","sponsored_post_name":"","sponsored_post_url":"","sponsored_post_logo_enable":"0","sponsored_post_logo":"","sponsored_post_desc":"","disable_ad":"0"},"jnews_primary_category":{"id":"","hide":""},"footnotes":""},"categories":[106],"tags":[],"class_list":["post-5023","post","type-post","status-publish","format-standard","has-post-thumbnail","hentry","category-educacao"],"_links":{"self":[{"href":"https:\/\/cidadebaixaonline.com.br\/index.php\/wp-json\/wp\/v2\/posts\/5023","targetHints":{"allow":["GET"]}}],"collection":[{"href":"https:\/\/cidadebaixaonline.com.br\/index.php\/wp-json\/wp\/v2\/posts"}],"about":[{"href":"https:\/\/cidadebaixaonline.com.br\/index.php\/wp-json\/wp\/v2\/types\/post"}],"author":[{"embeddable":true,"href":"https:\/\/cidadebaixaonline.com.br\/index.php\/wp-json\/wp\/v2\/users\/2"}],"replies":[{"embeddable":true,"href":"https:\/\/cidadebaixaonline.com.br\/index.php\/wp-json\/wp\/v2\/comments?post=5023"}],"version-history":[{"count":1,"href":"https:\/\/cidadebaixaonline.com.br\/index.php\/wp-json\/wp\/v2\/posts\/5023\/revisions"}],"predecessor-version":[{"id":5025,"href":"https:\/\/cidadebaixaonline.com.br\/index.php\/wp-json\/wp\/v2\/posts\/5023\/revisions\/5025"}],"wp:featuredmedia":[{"embeddable":true,"href":"https:\/\/cidadebaixaonline.com.br\/index.php\/wp-json\/wp\/v2\/media\/5024"}],"wp:attachment":[{"href":"https:\/\/cidadebaixaonline.com.br\/index.php\/wp-json\/wp\/v2\/media?parent=5023"}],"wp:term":[{"taxonomy":"category","embeddable":true,"href":"https:\/\/cidadebaixaonline.com.br\/index.php\/wp-json\/wp\/v2\/categories?post=5023"},{"taxonomy":"post_tag","embeddable":true,"href":"https:\/\/cidadebaixaonline.com.br\/index.php\/wp-json\/wp\/v2\/tags?post=5023"}],"curies":[{"name":"wp","href":"https:\/\/api.w.org\/{rel}","templated":true}]}}