{"id":5017,"date":"2023-10-16T10:42:06","date_gmt":"2023-10-16T13:42:06","guid":{"rendered":"https:\/\/cidadebaixaonline.com.br\/?p=5017"},"modified":"2023-10-16T10:42:08","modified_gmt":"2023-10-16T13:42:08","slug":"homem-fica-ferido-apos-ser-atropelado-por-onibus-em-mussurunga-salvador","status":"publish","type":"post","link":"https:\/\/cidadebaixaonline.com.br\/index.php\/2023\/10\/16\/homem-fica-ferido-apos-ser-atropelado-por-onibus-em-mussurunga-salvador\/","title":{"rendered":"Homem fica ferido ap\u00f3s ser atropelado por \u00f4nibus em Mussurunga, Salvador"},"content":{"rendered":"\n<p>Na noite do \u00faltimo s\u00e1bado, 14 de outubro, um homem foi v\u00edtima de um atropelamento por um \u00f4nibus na rua Professor Pl\u00ednio Garcez de Sena, localizada no bairro de Mussurunga, em Salvador. O incidente ocorreu por volta das 19h, conforme informa\u00e7\u00f5es do N\u00facleo de Opera\u00e7\u00e3o Assistida (NOA) da Superintend\u00eancia de Tr\u00e2nsito de Salvador (Transalvador), de acordo com informa\u00e7\u00f5es.&nbsp;<\/p>\n\n\n\n<p>Imediatamente ap\u00f3s o acidente, uma equipe do Servi\u00e7o de Atendimento M\u00f3vel de Urg\u00eancia (Samu) chegou ao local para prestar os primeiros socorros ao ferido. Al\u00e9m disso, uma viatura da Transalvador tamb\u00e9m foi deslocada para a \u00e1rea com o objetivo de organizar o tr\u00e2nsito na regi\u00e3o, uma vez que o incidente causou impacto na circula\u00e7\u00e3o vi\u00e1ria.<\/p>\n\n\n\n<p>At\u00e9 o momento, n\u00e3o h\u00e1 informa\u00e7\u00f5es detalhadas sobre o que teria provocado o atropelamento. Nas imagens registradas no local, \u00e9 poss\u00edvel visualizar o homem ferido sendo atendido pela equipe do Samu, com uma multid\u00e3o ao seu redor. O \u00f4nibus envolvido no incidente, pertencente \u00e0 concession\u00e1ria plataforma, tamb\u00e9m permaneceu parado na \u00e1rea.<\/p>\n\n\n\n<p>As autoridades continuam investigando as circunst\u00e2ncias desse tr\u00e1gico acidente, e mais informa\u00e7\u00f5es ser\u00e3o divulgadas \u00e0 medida que se tornarem dispon\u00edveis.<\/p>\n\n\n\n<p>Fonte: Varela Net<\/p>\n","protected":false},"excerpt":{"rendered":"<p>Na noite do \u00faltimo s\u00e1bado, 14 de outubro, um homem foi v\u00edtima de um atropelamento por um \u00f4nibus na rua Professor Pl\u00ednio Garcez de Sena, localizada no bairro de Mussurunga, em Salvador. O incidente ocorreu por volta das 19h, conforme informa\u00e7\u00f5es do N\u00facleo de Opera\u00e7\u00e3o Assistida (NOA) da Superintend\u00eancia de Tr\u00e2nsito de Salvador (Transalvador), de [&hellip;]<\/p>\n","protected":false},"author":2,"featured_media":5018,"comment_status":"open","ping_status":"open","sticky":false,"template":"","format":"standard","meta":{"jnews-multi-image_gallery":[],"jnews_single_post":{"subtitle":"","format":"standard","video":"","gallery":"","source_name":"","source_url":"","via_name":"","via_url":"","override_template":"0","override":[{"template":"1","single_blog_custom":"","parallax":"1","fullscreen":"1","layout":"right-sidebar","sidebar":"default-sidebar","second_sidebar":"default-sidebar","sticky_sidebar":"1","share_position":"top","share_float_style":"share-monocrhome","show_share_counter":"0","show_view_counter":"0","show_featured":"1","show_post_meta":"1","show_post_author":"0","show_post_author_image":"1","show_post_date":"1","post_date_format":"default","post_date_format_custom":"Y\/m\/d","show_post_category":"1","show_post_reading_time":"0","post_reading_time_wpm":"300","show_zoom_button":"0","zoom_button_out_step":"2","zoom_button_in_step":"3","show_post_tag":"1","show_prev_next_post":"1","show_popup_post":"1","number_popup_post":"1","show_author_box":"0","show_post_related":"0","show_inline_post_related":"0"}],"override_image_size":"0","image_override":[{"single_post_thumbnail_size":"no-crop","single_post_gallery_size":"crop-715"}],"trending_post":"0","trending_post_position":"meta","trending_post_label":"Trending","sponsored_post":"0","sponsored_post_label":"Sponsored by","sponsored_post_name":"","sponsored_post_url":"","sponsored_post_logo_enable":"0","sponsored_post_logo":"","sponsored_post_desc":"","disable_ad":"0"},"jnews_primary_category":{"id":"","hide":""},"footnotes":""},"categories":[85],"tags":[],"class_list":["post-5017","post","type-post","status-publish","format-standard","has-post-thumbnail","hentry","category-noticias"],"_links":{"self":[{"href":"https:\/\/cidadebaixaonline.com.br\/index.php\/wp-json\/wp\/v2\/posts\/5017","targetHints":{"allow":["GET"]}}],"collection":[{"href":"https:\/\/cidadebaixaonline.com.br\/index.php\/wp-json\/wp\/v2\/posts"}],"about":[{"href":"https:\/\/cidadebaixaonline.com.br\/index.php\/wp-json\/wp\/v2\/types\/post"}],"author":[{"embeddable":true,"href":"https:\/\/cidadebaixaonline.com.br\/index.php\/wp-json\/wp\/v2\/users\/2"}],"replies":[{"embeddable":true,"href":"https:\/\/cidadebaixaonline.com.br\/index.php\/wp-json\/wp\/v2\/comments?post=5017"}],"version-history":[{"count":1,"href":"https:\/\/cidadebaixaonline.com.br\/index.php\/wp-json\/wp\/v2\/posts\/5017\/revisions"}],"predecessor-version":[{"id":5019,"href":"https:\/\/cidadebaixaonline.com.br\/index.php\/wp-json\/wp\/v2\/posts\/5017\/revisions\/5019"}],"wp:featuredmedia":[{"embeddable":true,"href":"https:\/\/cidadebaixaonline.com.br\/index.php\/wp-json\/wp\/v2\/media\/5018"}],"wp:attachment":[{"href":"https:\/\/cidadebaixaonline.com.br\/index.php\/wp-json\/wp\/v2\/media?parent=5017"}],"wp:term":[{"taxonomy":"category","embeddable":true,"href":"https:\/\/cidadebaixaonline.com.br\/index.php\/wp-json\/wp\/v2\/categories?post=5017"},{"taxonomy":"post_tag","embeddable":true,"href":"https:\/\/cidadebaixaonline.com.br\/index.php\/wp-json\/wp\/v2\/tags?post=5017"}],"curies":[{"name":"wp","href":"https:\/\/api.w.org\/{rel}","templated":true}]}}