{"id":5008,"date":"2023-10-16T09:20:15","date_gmt":"2023-10-16T12:20:15","guid":{"rendered":"https:\/\/cidadebaixaonline.com.br\/?p=5008"},"modified":"2023-10-16T09:29:44","modified_gmt":"2023-10-16T12:29:44","slug":"tj-ba-reinaugura-forum-na-regiao-do-piemonte-do-paraguacu-na-proxima-semana","status":"publish","type":"post","link":"https:\/\/cidadebaixaonline.com.br\/index.php\/2023\/10\/16\/tj-ba-reinaugura-forum-na-regiao-do-piemonte-do-paraguacu-na-proxima-semana\/","title":{"rendered":"TJ-BA reinaugura f\u00f3rum na regi\u00e3o do Piemonte do Paragua\u00e7u na pr\u00f3xima semana"},"content":{"rendered":"\n<p>Na pr\u00f3xima segunda-feira (16), \u00e0s 15h, o Tribunal de Justi\u00e7a da Bahia (TJ-BA) vai reinaugurar o F\u00f3rum Salvador Figueiredo Andrade e inaugurar a Sala Passiva e a Sala de Depoimento Especial, na comarca de Santa Terezinha, na regi\u00e3o Piemonte do Paragua\u00e7u.&nbsp;<\/p>\n\n\n\n<p>O im\u00f3vel passou por revis\u00e3o el\u00e9trica, substitui\u00e7\u00e3o de tomadas e interruptores, troca de lumin\u00e1rias por modelos mais modernos em LED que s\u00e3o mais econ\u00f4micos e sustent\u00e1veis; e adequa\u00e7\u00f5es na ilumina\u00e7\u00e3o externa com instala\u00e7\u00e3o de refletores.&nbsp;<\/p>\n\n\n\n<p>A moderniza\u00e7\u00e3o, tamb\u00e9m, alcan\u00e7a os aparelhos de ar-condicionado, sanit\u00e1rios e a copa. Na parte externa, mais mudan\u00e7as no espa\u00e7o: reparos no piso de concreto, assentamento de piso intertravado e levantamento de muro para instala\u00e7\u00e3o de concertina.&nbsp;<\/p>\n\n\n\n<p>Com foco na presta\u00e7\u00e3o do servi\u00e7o jurisdicional, tamb\u00e9m ser\u00e1 inaugurada a Sala Passiva e a Sala de Depoimento Especial da Comarca de Santa Teresinha. A primeira \u00e9 voltada \u00e0 amplia\u00e7\u00e3o do Ju\u00edzo 100% Digital e a segunda \u00e9 destinada ao atendimento especializado de crian\u00e7as v\u00edtimas de crimes de abuso por explora\u00e7\u00e3o sexual.<\/p>\n\n\n\n<p>Fonte: Bahia Not\u00edcias<\/p>\n","protected":false},"excerpt":{"rendered":"<p>Na pr\u00f3xima segunda-feira (16), \u00e0s 15h, o Tribunal de Justi\u00e7a da Bahia (TJ-BA) vai reinaugurar o F\u00f3rum Salvador Figueiredo Andrade e inaugurar a Sala Passiva e a Sala de Depoimento Especial, na comarca de Santa Terezinha, na regi\u00e3o Piemonte do Paragua\u00e7u.&nbsp; O im\u00f3vel passou por revis\u00e3o el\u00e9trica, substitui\u00e7\u00e3o de tomadas e interruptores, troca de lumin\u00e1rias [&hellip;]<\/p>\n","protected":false},"author":2,"featured_media":5009,"comment_status":"open","ping_status":"open","sticky":false,"template":"","format":"standard","meta":{"jnews-multi-image_gallery":[],"jnews_single_post":{"subtitle":"","format":"standard","video":"","gallery":"","source_name":"","source_url":"","via_name":"","via_url":"","override_template":"0","override":[{"template":"1","single_blog_custom":"","parallax":"1","fullscreen":"1","layout":"right-sidebar","sidebar":"default-sidebar","second_sidebar":"default-sidebar","sticky_sidebar":"1","share_position":"top","share_float_style":"share-monocrhome","show_share_counter":"0","show_view_counter":"0","show_featured":"1","show_post_meta":"1","show_post_author":"0","show_post_author_image":"1","show_post_date":"1","post_date_format":"default","post_date_format_custom":"Y\/m\/d","show_post_category":"1","show_post_reading_time":"0","post_reading_time_wpm":"300","show_zoom_button":"0","zoom_button_out_step":"2","zoom_button_in_step":"3","show_post_tag":"1","show_prev_next_post":"1","show_popup_post":"1","number_popup_post":"1","show_author_box":"0","show_post_related":"0","show_inline_post_related":"0"}],"override_image_size":"0","image_override":[{"single_post_thumbnail_size":"no-crop","single_post_gallery_size":"crop-715"}],"trending_post":"0","trending_post_position":"meta","trending_post_label":"Trending","sponsored_post":"0","sponsored_post_label":"Sponsored by","sponsored_post_name":"","sponsored_post_url":"","sponsored_post_logo_enable":"0","sponsored_post_logo":"","sponsored_post_desc":"","disable_ad":"0"},"jnews_primary_category":{"id":"","hide":""},"footnotes":""},"categories":[85],"tags":[],"class_list":["post-5008","post","type-post","status-publish","format-standard","has-post-thumbnail","hentry","category-noticias"],"_links":{"self":[{"href":"https:\/\/cidadebaixaonline.com.br\/index.php\/wp-json\/wp\/v2\/posts\/5008","targetHints":{"allow":["GET"]}}],"collection":[{"href":"https:\/\/cidadebaixaonline.com.br\/index.php\/wp-json\/wp\/v2\/posts"}],"about":[{"href":"https:\/\/cidadebaixaonline.com.br\/index.php\/wp-json\/wp\/v2\/types\/post"}],"author":[{"embeddable":true,"href":"https:\/\/cidadebaixaonline.com.br\/index.php\/wp-json\/wp\/v2\/users\/2"}],"replies":[{"embeddable":true,"href":"https:\/\/cidadebaixaonline.com.br\/index.php\/wp-json\/wp\/v2\/comments?post=5008"}],"version-history":[{"count":1,"href":"https:\/\/cidadebaixaonline.com.br\/index.php\/wp-json\/wp\/v2\/posts\/5008\/revisions"}],"predecessor-version":[{"id":5010,"href":"https:\/\/cidadebaixaonline.com.br\/index.php\/wp-json\/wp\/v2\/posts\/5008\/revisions\/5010"}],"wp:featuredmedia":[{"embeddable":true,"href":"https:\/\/cidadebaixaonline.com.br\/index.php\/wp-json\/wp\/v2\/media\/5009"}],"wp:attachment":[{"href":"https:\/\/cidadebaixaonline.com.br\/index.php\/wp-json\/wp\/v2\/media?parent=5008"}],"wp:term":[{"taxonomy":"category","embeddable":true,"href":"https:\/\/cidadebaixaonline.com.br\/index.php\/wp-json\/wp\/v2\/categories?post=5008"},{"taxonomy":"post_tag","embeddable":true,"href":"https:\/\/cidadebaixaonline.com.br\/index.php\/wp-json\/wp\/v2\/tags?post=5008"}],"curies":[{"name":"wp","href":"https:\/\/api.w.org\/{rel}","templated":true}]}}