{"id":4917,"date":"2023-10-10T13:54:23","date_gmt":"2023-10-10T16:54:23","guid":{"rendered":"https:\/\/cidadebaixaonline.com.br\/?p=4917"},"modified":"2023-10-10T13:54:26","modified_gmt":"2023-10-10T16:54:26","slug":"justica-condena-homem-a-20-anos-por-matar-jovem-e-abandonar-corpo-em-terreno","status":"publish","type":"post","link":"https:\/\/cidadebaixaonline.com.br\/index.php\/2023\/10\/10\/justica-condena-homem-a-20-anos-por-matar-jovem-e-abandonar-corpo-em-terreno\/","title":{"rendered":"Justi\u00e7a condena homem a 20 anos por matar jovem e abandonar corpo em terreno"},"content":{"rendered":"\n<p>A justi\u00e7a condenou um homem a 20 anos de pris\u00e3o em regime fechado pelo assasinato da jovem Stephanie Silva Santos de Souza, de 19 anos. O crime ocorreu no dia 28 de maio de 2018 e o corpo da v\u00edtima foi encontrado em um terreno baldio no munic\u00edpio de Sim\u00f5es Filho, na Regi\u00e3o Metropolitana de Salvador.<\/p>\n\n\n\n<p>A senten\u00e7a foi dada na noite desta segunda-feira (9), ap\u00f3s o juri popular no f\u00f3rum de Sim\u00f5es Filho.&nbsp;<\/p>\n\n\n\n<p>Helder Andrade Santos, foi condenado por homicidio qualificado e oculta\u00e7\u00e3o de cad\u00e1ver, o juri foi presidido pelo juiz Murilo de Castro Oliveira, que ouviu testemunhas de acusa\u00e7\u00e3o, e logo ap\u00f3s as de defesa e em seguida foi realizado o interrogat\u00f3rio do r\u00e9u, que negou ter cometido o crime, que teve 4 votos a 0.<\/p>\n\n\n\n<p>O advogado da familia, Matheus Biset, disse que a justi\u00e7a foi feita.&nbsp;<\/p>\n\n\n\n<p>\u201cOs jurados condenaram o r\u00e9u com base nas provas dos autos e a pena foi aplicada de forma justa em virtude das b\u00e1rbaras condutas praticadas pelo r\u00e9u\u201d, declarou o advogado.<\/p>\n\n\n\n<p>Fonte: Varela Net <\/p>\n","protected":false},"excerpt":{"rendered":"<p>A justi\u00e7a condenou um homem a 20 anos de pris\u00e3o em regime fechado pelo assasinato da jovem Stephanie Silva Santos de Souza, de 19 anos. O crime ocorreu no dia 28 de maio de 2018 e o corpo da v\u00edtima foi encontrado em um terreno baldio no munic\u00edpio de Sim\u00f5es Filho, na Regi\u00e3o Metropolitana de [&hellip;]<\/p>\n","protected":false},"author":2,"featured_media":4918,"comment_status":"open","ping_status":"open","sticky":false,"template":"","format":"standard","meta":{"jnews-multi-image_gallery":[],"jnews_single_post":{"subtitle":"","format":"standard","video":"","gallery":"","source_name":"","source_url":"","via_name":"","via_url":"","override_template":"0","override":[{"template":"1","single_blog_custom":"","parallax":"1","fullscreen":"1","layout":"right-sidebar","sidebar":"default-sidebar","second_sidebar":"default-sidebar","sticky_sidebar":"1","share_position":"top","share_float_style":"share-monocrhome","show_share_counter":"0","show_view_counter":"0","show_featured":"1","show_post_meta":"1","show_post_author":"0","show_post_author_image":"1","show_post_date":"1","post_date_format":"default","post_date_format_custom":"Y\/m\/d","show_post_category":"1","show_post_reading_time":"0","post_reading_time_wpm":"300","show_zoom_button":"0","zoom_button_out_step":"2","zoom_button_in_step":"3","show_post_tag":"1","show_prev_next_post":"1","show_popup_post":"1","number_popup_post":"1","show_author_box":"0","show_post_related":"0","show_inline_post_related":"0"}],"override_image_size":"0","image_override":[{"single_post_thumbnail_size":"no-crop","single_post_gallery_size":"crop-715"}],"trending_post":"0","trending_post_position":"meta","trending_post_label":"Trending","sponsored_post":"0","sponsored_post_label":"Sponsored by","sponsored_post_name":"","sponsored_post_url":"","sponsored_post_logo_enable":"0","sponsored_post_logo":"","sponsored_post_desc":"","disable_ad":"0"},"jnews_primary_category":{"id":"","hide":""},"footnotes":""},"categories":[107],"tags":[],"class_list":["post-4917","post","type-post","status-publish","format-standard","has-post-thumbnail","hentry","category-justica"],"_links":{"self":[{"href":"https:\/\/cidadebaixaonline.com.br\/index.php\/wp-json\/wp\/v2\/posts\/4917","targetHints":{"allow":["GET"]}}],"collection":[{"href":"https:\/\/cidadebaixaonline.com.br\/index.php\/wp-json\/wp\/v2\/posts"}],"about":[{"href":"https:\/\/cidadebaixaonline.com.br\/index.php\/wp-json\/wp\/v2\/types\/post"}],"author":[{"embeddable":true,"href":"https:\/\/cidadebaixaonline.com.br\/index.php\/wp-json\/wp\/v2\/users\/2"}],"replies":[{"embeddable":true,"href":"https:\/\/cidadebaixaonline.com.br\/index.php\/wp-json\/wp\/v2\/comments?post=4917"}],"version-history":[{"count":1,"href":"https:\/\/cidadebaixaonline.com.br\/index.php\/wp-json\/wp\/v2\/posts\/4917\/revisions"}],"predecessor-version":[{"id":4919,"href":"https:\/\/cidadebaixaonline.com.br\/index.php\/wp-json\/wp\/v2\/posts\/4917\/revisions\/4919"}],"wp:featuredmedia":[{"embeddable":true,"href":"https:\/\/cidadebaixaonline.com.br\/index.php\/wp-json\/wp\/v2\/media\/4918"}],"wp:attachment":[{"href":"https:\/\/cidadebaixaonline.com.br\/index.php\/wp-json\/wp\/v2\/media?parent=4917"}],"wp:term":[{"taxonomy":"category","embeddable":true,"href":"https:\/\/cidadebaixaonline.com.br\/index.php\/wp-json\/wp\/v2\/categories?post=4917"},{"taxonomy":"post_tag","embeddable":true,"href":"https:\/\/cidadebaixaonline.com.br\/index.php\/wp-json\/wp\/v2\/tags?post=4917"}],"curies":[{"name":"wp","href":"https:\/\/api.w.org\/{rel}","templated":true}]}}