{"id":4865,"date":"2023-10-09T10:02:19","date_gmt":"2023-10-09T13:02:19","guid":{"rendered":"https:\/\/cidadebaixaonline.com.br\/?p=4865"},"modified":"2023-10-09T10:02:21","modified_gmt":"2023-10-09T13:02:21","slug":"homem-sobe-no-teto-da-estacao-de-metro-rodoviaria-em-salvador","status":"publish","type":"post","link":"https:\/\/cidadebaixaonline.com.br\/index.php\/2023\/10\/09\/homem-sobe-no-teto-da-estacao-de-metro-rodoviaria-em-salvador\/","title":{"rendered":"Homem sobe no Teto da Esta\u00e7\u00e3o de Metr\u00f4 Rodovi\u00e1ria em Salvador"},"content":{"rendered":"\n<p>Na manh\u00e3 desta segunda-feira, dia (9), a Esta\u00e7\u00e3o de Metr\u00f4 Rodovi\u00e1ria se tornou o cen\u00e1rio de um incidente incomum. Um homem foi avistado no topo da cobertura da esta\u00e7\u00e3o, gerando preocupa\u00e7\u00f5es entre os transeuntes e autoridades locais. De acordo com relatos de populares, o indiv\u00edduo aparentemente subiu na cobertura durante a madrugada e come\u00e7ou a atirar objetos contra os carros na pista abaixo.<\/p>\n\n\n\n<p>A presen\u00e7a do homem no telhado da esta\u00e7\u00e3o levou a uma resposta r\u00e1pida das autoridades de seguran\u00e7a e servi\u00e7os de emerg\u00eancia. A situa\u00e7\u00e3o est\u00e1 em andamento, e equipes de resgate e negocia\u00e7\u00e3o foram mobilizadas para lidar com a ocorr\u00eancia de forma segura.<\/p>\n\n\n\n<p>As raz\u00f5es por tr\u00e1s do comportamento do indiv\u00edduo ainda n\u00e3o foram esclarecidas, mas as autoridades est\u00e3o trabalhando para estabelecer contato e entender suas motiva\u00e7\u00f5es. O incidente causou a interrup\u00e7\u00e3o tempor\u00e1ria dos servi\u00e7os na Esta\u00e7\u00e3o de Metr\u00f4 Rodovi\u00e1ria, afetando a rotina de muitos passageiros durante a manh\u00e3.<\/p>\n\n\n\n<p>Fonte: Varela Net <\/p>\n","protected":false},"excerpt":{"rendered":"<p>Na manh\u00e3 desta segunda-feira, dia (9), a Esta\u00e7\u00e3o de Metr\u00f4 Rodovi\u00e1ria se tornou o cen\u00e1rio de um incidente incomum. Um homem foi avistado no topo da cobertura da esta\u00e7\u00e3o, gerando preocupa\u00e7\u00f5es entre os transeuntes e autoridades locais. De acordo com relatos de populares, o indiv\u00edduo aparentemente subiu na cobertura durante a madrugada e come\u00e7ou a [&hellip;]<\/p>\n","protected":false},"author":2,"featured_media":4866,"comment_status":"open","ping_status":"open","sticky":false,"template":"","format":"standard","meta":{"jnews-multi-image_gallery":[],"jnews_single_post":{"subtitle":"","format":"standard","video":"","gallery":"","source_name":"","source_url":"","via_name":"","via_url":"","override_template":"0","override":[{"template":"1","single_blog_custom":"","parallax":"1","fullscreen":"1","layout":"right-sidebar","sidebar":"default-sidebar","second_sidebar":"default-sidebar","sticky_sidebar":"1","share_position":"top","share_float_style":"share-monocrhome","show_share_counter":"0","show_view_counter":"0","show_featured":"1","show_post_meta":"1","show_post_author":"0","show_post_author_image":"1","show_post_date":"1","post_date_format":"default","post_date_format_custom":"Y\/m\/d","show_post_category":"1","show_post_reading_time":"0","post_reading_time_wpm":"300","show_zoom_button":"0","zoom_button_out_step":"2","zoom_button_in_step":"3","show_post_tag":"1","show_prev_next_post":"1","show_popup_post":"1","number_popup_post":"1","show_author_box":"0","show_post_related":"0","show_inline_post_related":"0"}],"override_image_size":"0","image_override":[{"single_post_thumbnail_size":"no-crop","single_post_gallery_size":"crop-715"}],"trending_post":"0","trending_post_position":"meta","trending_post_label":"Trending","sponsored_post":"0","sponsored_post_label":"Sponsored by","sponsored_post_name":"","sponsored_post_url":"","sponsored_post_logo_enable":"0","sponsored_post_logo":"","sponsored_post_desc":"","disable_ad":"0"},"jnews_primary_category":{"id":"","hide":""},"footnotes":""},"categories":[85],"tags":[],"class_list":["post-4865","post","type-post","status-publish","format-standard","has-post-thumbnail","hentry","category-noticias"],"_links":{"self":[{"href":"https:\/\/cidadebaixaonline.com.br\/index.php\/wp-json\/wp\/v2\/posts\/4865","targetHints":{"allow":["GET"]}}],"collection":[{"href":"https:\/\/cidadebaixaonline.com.br\/index.php\/wp-json\/wp\/v2\/posts"}],"about":[{"href":"https:\/\/cidadebaixaonline.com.br\/index.php\/wp-json\/wp\/v2\/types\/post"}],"author":[{"embeddable":true,"href":"https:\/\/cidadebaixaonline.com.br\/index.php\/wp-json\/wp\/v2\/users\/2"}],"replies":[{"embeddable":true,"href":"https:\/\/cidadebaixaonline.com.br\/index.php\/wp-json\/wp\/v2\/comments?post=4865"}],"version-history":[{"count":1,"href":"https:\/\/cidadebaixaonline.com.br\/index.php\/wp-json\/wp\/v2\/posts\/4865\/revisions"}],"predecessor-version":[{"id":4867,"href":"https:\/\/cidadebaixaonline.com.br\/index.php\/wp-json\/wp\/v2\/posts\/4865\/revisions\/4867"}],"wp:featuredmedia":[{"embeddable":true,"href":"https:\/\/cidadebaixaonline.com.br\/index.php\/wp-json\/wp\/v2\/media\/4866"}],"wp:attachment":[{"href":"https:\/\/cidadebaixaonline.com.br\/index.php\/wp-json\/wp\/v2\/media?parent=4865"}],"wp:term":[{"taxonomy":"category","embeddable":true,"href":"https:\/\/cidadebaixaonline.com.br\/index.php\/wp-json\/wp\/v2\/categories?post=4865"},{"taxonomy":"post_tag","embeddable":true,"href":"https:\/\/cidadebaixaonline.com.br\/index.php\/wp-json\/wp\/v2\/tags?post=4865"}],"curies":[{"name":"wp","href":"https:\/\/api.w.org\/{rel}","templated":true}]}}