{"id":4862,"date":"2023-10-06T11:57:07","date_gmt":"2023-10-06T14:57:07","guid":{"rendered":"https:\/\/cidadebaixaonline.com.br\/?p=4862"},"modified":"2023-10-06T11:57:08","modified_gmt":"2023-10-06T14:57:08","slug":"reclamacoes-recebidas-pela-anatel-caem-139-no-1o-semestre-de-2023","status":"publish","type":"post","link":"https:\/\/cidadebaixaonline.com.br\/index.php\/2023\/10\/06\/reclamacoes-recebidas-pela-anatel-caem-139-no-1o-semestre-de-2023\/","title":{"rendered":"Reclama\u00e7\u00f5es recebidas pela Anatel caem 13,9% no 1\u00ba semestre de 2023"},"content":{"rendered":"\n<p>O n\u00famero de reclama\u00e7\u00f5es registradas no primeiro semestre de 2023 na Ag\u00eancia Nacional de Telecomunica\u00e7\u00f5es (Anatel) caiu 13,9% em rela\u00e7\u00e3o ao semestre anterior.&nbsp;De janeiro a junho deste ano foram recebidas 673,5 mil reclama\u00e7\u00f5es nos canais de atendimento da Ag\u00eancia; de julho a dezembro de 2022 foram 782,6 mil queixas.<\/p>\n\n\n\n<p>A redu\u00e7\u00e3o ocorreu em todos os servi\u00e7os, principalmente na telefonia m\u00f3vel. No celular p\u00f3s-pago, a Anatel recebeu 18,2% de reclama\u00e7\u00f5es a menos e, no celular pr\u00e9-pago, menos 14,4%.&nbsp;Nos demais servi\u00e7os, as quedas foram de: 15,3% na TV por assinatura, 13,2% na telefonia fixa e 6,9% na banda larga fixa.<\/p>\n\n\n\n<p><strong>\u00cdndice de Reclama\u00e7\u00f5es<\/strong><\/p>\n\n\n\n<p>Al\u00e9m do n\u00famero de reclama\u00e7\u00f5es, a Anatel tamb\u00e9m avalia quanto o volume de queixas representa sobre a quantidade de contratos das prestadoras com os consumidores por meio do \u00cdndice de Reclama\u00e7\u00f5es (IR).<\/p>\n\n\n\n<p>O c\u00e1lculo do IR (quantidade de queixas a cada 1 mil contratos) mostra que as reclama\u00e7\u00f5es ca\u00edram em rela\u00e7\u00e3o \u00e0 base de assinantes das prestadoras. No primeiro semestre deste ano, o IR foi de 0,37, valor que \u00e9 11,9% menor que o do segundo semestre do ano passado. O \u00edndice de 0,37 \u00e9 tamb\u00e9m o menor desde 2015.<\/p>\n\n\n\n<p><strong>Assuntos<\/strong><\/p>\n\n\n\n<p>\u2018Cobran\u00e7a\u2019 continua sendo o assunto mais reclamado. Ao mesmo tempo, apresentou a maior redu\u00e7\u00e3o de reclama\u00e7\u00f5es: 18,11% a menos que no semestre anterior. \u2018Qualidade, funcionamento e reparo\u2019 segue como o segundo assunto mais reclamado, com redu\u00e7\u00e3o de 10,53% no n\u00famero de registros, seguido do assunto \u2018Cancelamento\u2019, com queda de 12,61%.<\/p>\n\n\n\n<p>A Anatel recebe as reclama\u00e7\u00f5es pelos seguintes canais de atendimento: pelo app Anatel Consumidor, pelo site\u00a0<a rel=\"noreferrer noopener\" href=\"https:\/\/www.gov.br\/anatel\/pt-br\/consumidor\" target=\"_blank\">https:\/\/www.gov.br\/anatel\/pt-br\/consumidor\u00a0<\/a>, \u00a0pelo telefone 1331 e presencialmente na Sala do Cidad\u00e3o.<\/p>\n\n\n\n<p>Fonte: TRBN<\/p>\n","protected":false},"excerpt":{"rendered":"<p>O n\u00famero de reclama\u00e7\u00f5es registradas no primeiro semestre de 2023 na Ag\u00eancia Nacional de Telecomunica\u00e7\u00f5es (Anatel) caiu 13,9% em rela\u00e7\u00e3o ao semestre anterior.&nbsp;De janeiro a junho deste ano foram recebidas 673,5 mil reclama\u00e7\u00f5es nos canais de atendimento da Ag\u00eancia; de julho a dezembro de 2022 foram 782,6 mil queixas. A redu\u00e7\u00e3o ocorreu em todos os [&hellip;]<\/p>\n","protected":false},"author":2,"featured_media":4863,"comment_status":"open","ping_status":"open","sticky":false,"template":"","format":"standard","meta":{"jnews-multi-image_gallery":[],"jnews_single_post":{"subtitle":"","format":"standard","video":"","gallery":"","source_name":"","source_url":"","via_name":"","via_url":"","override_template":"0","override":[{"template":"1","single_blog_custom":"","parallax":"1","fullscreen":"1","layout":"right-sidebar","sidebar":"default-sidebar","second_sidebar":"default-sidebar","sticky_sidebar":"1","share_position":"top","share_float_style":"share-monocrhome","show_share_counter":"0","show_view_counter":"0","show_featured":"1","show_post_meta":"1","show_post_author":"0","show_post_author_image":"1","show_post_date":"1","post_date_format":"default","post_date_format_custom":"Y\/m\/d","show_post_category":"1","show_post_reading_time":"0","post_reading_time_wpm":"300","show_zoom_button":"0","zoom_button_out_step":"2","zoom_button_in_step":"3","show_post_tag":"1","show_prev_next_post":"1","show_popup_post":"1","number_popup_post":"1","show_author_box":"0","show_post_related":"0","show_inline_post_related":"0"}],"override_image_size":"0","image_override":[{"single_post_thumbnail_size":"no-crop","single_post_gallery_size":"crop-715"}],"trending_post":"0","trending_post_position":"meta","trending_post_label":"Trending","sponsored_post":"0","sponsored_post_label":"Sponsored by","sponsored_post_name":"","sponsored_post_url":"","sponsored_post_logo_enable":"0","sponsored_post_logo":"","sponsored_post_desc":"","disable_ad":"0"},"jnews_primary_category":{"id":"","hide":""},"footnotes":""},"categories":[85],"tags":[],"class_list":["post-4862","post","type-post","status-publish","format-standard","has-post-thumbnail","hentry","category-noticias"],"_links":{"self":[{"href":"https:\/\/cidadebaixaonline.com.br\/index.php\/wp-json\/wp\/v2\/posts\/4862","targetHints":{"allow":["GET"]}}],"collection":[{"href":"https:\/\/cidadebaixaonline.com.br\/index.php\/wp-json\/wp\/v2\/posts"}],"about":[{"href":"https:\/\/cidadebaixaonline.com.br\/index.php\/wp-json\/wp\/v2\/types\/post"}],"author":[{"embeddable":true,"href":"https:\/\/cidadebaixaonline.com.br\/index.php\/wp-json\/wp\/v2\/users\/2"}],"replies":[{"embeddable":true,"href":"https:\/\/cidadebaixaonline.com.br\/index.php\/wp-json\/wp\/v2\/comments?post=4862"}],"version-history":[{"count":1,"href":"https:\/\/cidadebaixaonline.com.br\/index.php\/wp-json\/wp\/v2\/posts\/4862\/revisions"}],"predecessor-version":[{"id":4864,"href":"https:\/\/cidadebaixaonline.com.br\/index.php\/wp-json\/wp\/v2\/posts\/4862\/revisions\/4864"}],"wp:featuredmedia":[{"embeddable":true,"href":"https:\/\/cidadebaixaonline.com.br\/index.php\/wp-json\/wp\/v2\/media\/4863"}],"wp:attachment":[{"href":"https:\/\/cidadebaixaonline.com.br\/index.php\/wp-json\/wp\/v2\/media?parent=4862"}],"wp:term":[{"taxonomy":"category","embeddable":true,"href":"https:\/\/cidadebaixaonline.com.br\/index.php\/wp-json\/wp\/v2\/categories?post=4862"},{"taxonomy":"post_tag","embeddable":true,"href":"https:\/\/cidadebaixaonline.com.br\/index.php\/wp-json\/wp\/v2\/tags?post=4862"}],"curies":[{"name":"wp","href":"https:\/\/api.w.org\/{rel}","templated":true}]}}