{"id":4859,"date":"2023-10-06T11:50:40","date_gmt":"2023-10-06T14:50:40","guid":{"rendered":"https:\/\/cidadebaixaonline.com.br\/?p=4859"},"modified":"2023-10-06T11:50:42","modified_gmt":"2023-10-06T14:50:42","slug":"bruno-reis-anuncia-medidas-para-estimular-investimentos-no-setor-imobiliario","status":"publish","type":"post","link":"https:\/\/cidadebaixaonline.com.br\/index.php\/2023\/10\/06\/bruno-reis-anuncia-medidas-para-estimular-investimentos-no-setor-imobiliario\/","title":{"rendered":"Bruno Reis anuncia medidas para estimular investimentos no setor imobili\u00e1rio"},"content":{"rendered":"\n<p>Salvador contar\u00e1 com novos decretos que v\u00e3o estimular investimentos do setor imobili\u00e1rio. As medidas foram anunciadas pelo prefeito Bruno Reis na abertura do 15\u00b0 Sal\u00e3o Imobili\u00e1rio da Associa\u00e7\u00e3o de Dirigentes de Empresas do Mercado Imobili\u00e1rio da Bahia (Ademi-BA), que ocorreu na noite desta quinta-feira (5) no Centro de Conven\u00e7\u00f5es.&nbsp;<\/p>\n\n\n\n<p>Estiveram presentes na cerim\u00f4nia de lan\u00e7amento do sal\u00e3o o presidente da Ademi-BA, Claudio Cunha, o presidente do Sindicato da Ind\u00fastria da Constru\u00e7\u00e3o do Estado da Bahia (Sinduscon-BA), Alexandre Landim, a diretora Comercial e de Marketing da Ademi, Viviane Fonseca, al\u00e9m de diversas autoridades municipais e estaduais.<\/p>\n\n\n\n<p>Um dos decretos retira a exig\u00eancia da central de g\u00e1s nos empreendimentos que utilizam forno el\u00e9trico. Outra regulamenta\u00e7\u00e3o permite emitir o TVL (viabilidade de localiza\u00e7\u00e3o) pr\u00e9-operacional. Ou seja, assim que for feita a incorpora\u00e7\u00e3o para a constru\u00e7\u00e3o de um empreendimento, o TVL j\u00e1 poder\u00e1 ser emitido, sem ser necess\u00e1rio aguardar a conclus\u00e3o da obra.<\/p>\n\n\n\n<p>Por fim, outra medida anunciada pelo prefeito foi a regulamenta\u00e7\u00e3o da utiliza\u00e7\u00e3o de \u00e1reas molhadas, principalmente para empreendimentos de m\u00e9dio e alto padr\u00e3o. Com o decreto, ser\u00e1 facultativo \u00e0s construtoras entregar os im\u00f3veis com pisos nestas \u00e1reas. O comprador vai decidir se quer que a empresa entregue com esses opcionais ou n\u00e3o. As medidas, acrescentou Reis, buscam sanar demandas antigas do setor. Ambos os decretos foram publicados no Di\u00e1rio Oficial (DOM) nesta sexta-feira (6).&nbsp;<\/p>\n\n\n\n<p>Al\u00e9m de apresentar as novas regulamenta\u00e7\u00f5es, que trar\u00e3o incentivo para novos investimentos na capital, o prefeito destacou a import\u00e2ncia do setor para economia local. \u201cO setor imobili\u00e1rio tem grande representatividade, gerando muitos empregos e sendo respons\u00e1vel por estimular e aquecer o mercado da constru\u00e7\u00e3o civil. Nos \u00faltimos anos, licenciamos quase 30 mil unidades habitacionais e quase 200 unidades comerciais. O setor gera na nossa economia 58 mil empregos, pessoas que est\u00e3o trabalhando em obras do setor privado, al\u00e9m de investimentos que passam a casa de R$11 bilh\u00f5es\u201d, detalhou.<\/p>\n\n\n\n<p>Em tempo, o gestor do Executivo municipal tamb\u00e9m destacou sobre como o Sal\u00e3o Imobili\u00e1rio \u00e9 positivo para Salvador. \u201c\u00c9 a oportunidade para que o soteropolitano possa fazer novas aquisi\u00e7\u00f5es e aquecer ainda mais o setor. Aqui ser\u00e3o lan\u00e7ados novos empreendimentos que n\u00f3s sempre agilizarmos as libera\u00e7\u00f5es em tempo recorde. Portanto, estamos aqui para estimular ainda mais esse setor\u201d, finalizou.&nbsp;<\/p>\n\n\n\n<p>O Sal\u00e3o Imobili\u00e1rio conta com apoio da Prefeitura e segue at\u00e9 domingo (8) com uma s\u00e9rie de atividades e a\u00e7\u00f5es das 10h \u00e0s 20h. O evento \u00e9 um hub de todo o ecossistema do mercado focado em promover experi\u00eancias e oportunidades para empresas e interessados.<\/p>\n\n\n\n<p>Fonte: TRBN<\/p>\n","protected":false},"excerpt":{"rendered":"<p>Salvador contar\u00e1 com novos decretos que v\u00e3o estimular investimentos do setor imobili\u00e1rio. As medidas foram anunciadas pelo prefeito Bruno Reis na abertura do 15\u00b0 Sal\u00e3o Imobili\u00e1rio da Associa\u00e7\u00e3o de Dirigentes de Empresas do Mercado Imobili\u00e1rio da Bahia (Ademi-BA), que ocorreu na noite desta quinta-feira (5) no Centro de Conven\u00e7\u00f5es.&nbsp; Estiveram presentes na cerim\u00f4nia de lan\u00e7amento [&hellip;]<\/p>\n","protected":false},"author":2,"featured_media":4860,"comment_status":"open","ping_status":"open","sticky":false,"template":"","format":"standard","meta":{"jnews-multi-image_gallery":[],"jnews_single_post":{"subtitle":"","format":"standard","video":"","gallery":"","source_name":"","source_url":"","via_name":"","via_url":"","override_template":"0","override":[{"template":"1","single_blog_custom":"","parallax":"1","fullscreen":"1","layout":"right-sidebar","sidebar":"default-sidebar","second_sidebar":"default-sidebar","sticky_sidebar":"1","share_position":"top","share_float_style":"share-monocrhome","show_share_counter":"0","show_view_counter":"0","show_featured":"1","show_post_meta":"1","show_post_author":"0","show_post_author_image":"1","show_post_date":"1","post_date_format":"default","post_date_format_custom":"Y\/m\/d","show_post_category":"1","show_post_reading_time":"0","post_reading_time_wpm":"300","show_zoom_button":"0","zoom_button_out_step":"2","zoom_button_in_step":"3","show_post_tag":"1","show_prev_next_post":"1","show_popup_post":"1","number_popup_post":"1","show_author_box":"0","show_post_related":"0","show_inline_post_related":"0"}],"override_image_size":"0","image_override":[{"single_post_thumbnail_size":"no-crop","single_post_gallery_size":"crop-715"}],"trending_post":"0","trending_post_position":"meta","trending_post_label":"Trending","sponsored_post":"0","sponsored_post_label":"Sponsored by","sponsored_post_name":"","sponsored_post_url":"","sponsored_post_logo_enable":"0","sponsored_post_logo":"","sponsored_post_desc":"","disable_ad":"0"},"jnews_primary_category":{"id":"","hide":""},"footnotes":""},"categories":[91],"tags":[],"class_list":["post-4859","post","type-post","status-publish","format-standard","has-post-thumbnail","hentry","category-politica"],"_links":{"self":[{"href":"https:\/\/cidadebaixaonline.com.br\/index.php\/wp-json\/wp\/v2\/posts\/4859","targetHints":{"allow":["GET"]}}],"collection":[{"href":"https:\/\/cidadebaixaonline.com.br\/index.php\/wp-json\/wp\/v2\/posts"}],"about":[{"href":"https:\/\/cidadebaixaonline.com.br\/index.php\/wp-json\/wp\/v2\/types\/post"}],"author":[{"embeddable":true,"href":"https:\/\/cidadebaixaonline.com.br\/index.php\/wp-json\/wp\/v2\/users\/2"}],"replies":[{"embeddable":true,"href":"https:\/\/cidadebaixaonline.com.br\/index.php\/wp-json\/wp\/v2\/comments?post=4859"}],"version-history":[{"count":1,"href":"https:\/\/cidadebaixaonline.com.br\/index.php\/wp-json\/wp\/v2\/posts\/4859\/revisions"}],"predecessor-version":[{"id":4861,"href":"https:\/\/cidadebaixaonline.com.br\/index.php\/wp-json\/wp\/v2\/posts\/4859\/revisions\/4861"}],"wp:featuredmedia":[{"embeddable":true,"href":"https:\/\/cidadebaixaonline.com.br\/index.php\/wp-json\/wp\/v2\/media\/4860"}],"wp:attachment":[{"href":"https:\/\/cidadebaixaonline.com.br\/index.php\/wp-json\/wp\/v2\/media?parent=4859"}],"wp:term":[{"taxonomy":"category","embeddable":true,"href":"https:\/\/cidadebaixaonline.com.br\/index.php\/wp-json\/wp\/v2\/categories?post=4859"},{"taxonomy":"post_tag","embeddable":true,"href":"https:\/\/cidadebaixaonline.com.br\/index.php\/wp-json\/wp\/v2\/tags?post=4859"}],"curies":[{"name":"wp","href":"https:\/\/api.w.org\/{rel}","templated":true}]}}