{"id":4855,"date":"2023-10-06T11:41:42","date_gmt":"2023-10-06T14:41:42","guid":{"rendered":"https:\/\/cidadebaixaonline.com.br\/?p=4855"},"modified":"2023-10-06T11:41:44","modified_gmt":"2023-10-06T14:41:44","slug":"tse-marca-para-terca-feira-julgamento-de-tres-acoes-contra-bolsonaro-e-braga-netto","status":"publish","type":"post","link":"https:\/\/cidadebaixaonline.com.br\/index.php\/2023\/10\/06\/tse-marca-para-terca-feira-julgamento-de-tres-acoes-contra-bolsonaro-e-braga-netto\/","title":{"rendered":"TSE marca para ter\u00e7a-feira julgamento de tr\u00eas a\u00e7\u00f5es contra Bolsonaro e Braga Netto"},"content":{"rendered":"\n<p>O Tribunal Superior Eleitoral (TSE) marcou para ter\u00e7a-feira (10) o julgamento de tr\u00eas a\u00e7\u00f5es de investiga\u00e7\u00e3o contra o ex-presidente Jair Bolsonaro (PL) e o candidato a vice Braga Netto, na chapa das elei\u00e7\u00f5es presidenciais de 2022.<\/p>\n\n\n\n<p>As a\u00e7\u00f5es apuram poss\u00edveis irregularidades no suposto uso, pela chapa de Bolsonaro, de sedes do governo federal para atos de campanha eleitoral. Elas foram apresentadas pelo PDT e pela coliga\u00e7\u00e3o que apoiou a elei\u00e7\u00e3o do presidente Luiz In\u00e1cio Lula da Silva (PT). O relator \u00e9 o ministro Benedito Gon\u00e7alves.<\/p>\n\n\n\n<p>Os pol\u00edticos do PL foram acusados de abuso de poder pol\u00edtico, desvio de finalidade e conduta proibida a agentes p\u00fablicos nas elei\u00e7\u00f5es. Eles s\u00e3o questionados pelas realiza\u00e7\u00f5es de coletivas de imprensa no Pal\u00e1cio da Alvorada, em que governadores declararam apoio eleitoral ao ent\u00e3o presidente da Rep\u00fablica e transmiss\u00f5es ao vivo nas redes sociais com conte\u00fado eleitoral nos pal\u00e1cios do Planalto e da Alvorada.<\/p>\n\n\n\n<p>Na \u00faltima ter\u00e7a-feira (3), o Minist\u00e9rio P\u00fablico Eleitoral defendeu a rejei\u00e7\u00e3o dos pedidos. Para o \u00f3rg\u00e3o, n\u00e3o h\u00e1 elementos que apontem que os eventos tiveram &#8220;impacto substancial&#8221; sobre a legitimidade das elei\u00e7\u00f5es, que \u00e9 um requisito para concluir pela condena\u00e7\u00e3o.<\/p>\n\n\n\n<p>Este tipo de a\u00e7\u00e3o pode levar \u00e0 inelegibilidade dos investigados. Bolsonaro j\u00e1 foi\u00a0condenado a oito anos de inelegibilidade\u00a0por decis\u00e3o do TSE de junho deste ano, em uma outra a\u00e7\u00e3o sobre irregularidades na transmiss\u00e3o de reuni\u00e3o do ex-presidente com embaixadores, na qual ele levantou suspeitas infundadas sobre o processo eleitoral.<\/p>\n\n\n\n<p>Fonte: Metro1 <\/p>\n","protected":false},"excerpt":{"rendered":"<p>O Tribunal Superior Eleitoral (TSE) marcou para ter\u00e7a-feira (10) o julgamento de tr\u00eas a\u00e7\u00f5es de investiga\u00e7\u00e3o contra o ex-presidente Jair Bolsonaro (PL) e o candidato a vice Braga Netto, na chapa das elei\u00e7\u00f5es presidenciais de 2022. As a\u00e7\u00f5es apuram poss\u00edveis irregularidades no suposto uso, pela chapa de Bolsonaro, de sedes do governo federal para atos [&hellip;]<\/p>\n","protected":false},"author":2,"featured_media":4856,"comment_status":"open","ping_status":"open","sticky":false,"template":"","format":"standard","meta":{"jnews-multi-image_gallery":[],"jnews_single_post":{"subtitle":"","format":"standard","video":"","gallery":"","source_name":"","source_url":"","via_name":"","via_url":"","override_template":"0","override":[{"template":"1","single_blog_custom":"","parallax":"1","fullscreen":"1","layout":"right-sidebar","sidebar":"default-sidebar","second_sidebar":"default-sidebar","sticky_sidebar":"1","share_position":"top","share_float_style":"share-monocrhome","show_share_counter":"0","show_view_counter":"0","show_featured":"1","show_post_meta":"1","show_post_author":"0","show_post_author_image":"1","show_post_date":"1","post_date_format":"default","post_date_format_custom":"Y\/m\/d","show_post_category":"1","show_post_reading_time":"0","post_reading_time_wpm":"300","show_zoom_button":"0","zoom_button_out_step":"2","zoom_button_in_step":"3","show_post_tag":"1","show_prev_next_post":"1","show_popup_post":"1","number_popup_post":"1","show_author_box":"0","show_post_related":"0","show_inline_post_related":"0"}],"override_image_size":"0","image_override":[{"single_post_thumbnail_size":"no-crop","single_post_gallery_size":"crop-715"}],"trending_post":"0","trending_post_position":"meta","trending_post_label":"Trending","sponsored_post":"0","sponsored_post_label":"Sponsored by","sponsored_post_name":"","sponsored_post_url":"","sponsored_post_logo_enable":"0","sponsored_post_logo":"","sponsored_post_desc":"","disable_ad":"0"},"jnews_primary_category":{"id":"","hide":""},"footnotes":""},"categories":[107],"tags":[],"class_list":["post-4855","post","type-post","status-publish","format-standard","has-post-thumbnail","hentry","category-justica"],"_links":{"self":[{"href":"https:\/\/cidadebaixaonline.com.br\/index.php\/wp-json\/wp\/v2\/posts\/4855","targetHints":{"allow":["GET"]}}],"collection":[{"href":"https:\/\/cidadebaixaonline.com.br\/index.php\/wp-json\/wp\/v2\/posts"}],"about":[{"href":"https:\/\/cidadebaixaonline.com.br\/index.php\/wp-json\/wp\/v2\/types\/post"}],"author":[{"embeddable":true,"href":"https:\/\/cidadebaixaonline.com.br\/index.php\/wp-json\/wp\/v2\/users\/2"}],"replies":[{"embeddable":true,"href":"https:\/\/cidadebaixaonline.com.br\/index.php\/wp-json\/wp\/v2\/comments?post=4855"}],"version-history":[{"count":1,"href":"https:\/\/cidadebaixaonline.com.br\/index.php\/wp-json\/wp\/v2\/posts\/4855\/revisions"}],"predecessor-version":[{"id":4857,"href":"https:\/\/cidadebaixaonline.com.br\/index.php\/wp-json\/wp\/v2\/posts\/4855\/revisions\/4857"}],"wp:featuredmedia":[{"embeddable":true,"href":"https:\/\/cidadebaixaonline.com.br\/index.php\/wp-json\/wp\/v2\/media\/4856"}],"wp:attachment":[{"href":"https:\/\/cidadebaixaonline.com.br\/index.php\/wp-json\/wp\/v2\/media?parent=4855"}],"wp:term":[{"taxonomy":"category","embeddable":true,"href":"https:\/\/cidadebaixaonline.com.br\/index.php\/wp-json\/wp\/v2\/categories?post=4855"},{"taxonomy":"post_tag","embeddable":true,"href":"https:\/\/cidadebaixaonline.com.br\/index.php\/wp-json\/wp\/v2\/tags?post=4855"}],"curies":[{"name":"wp","href":"https:\/\/api.w.org\/{rel}","templated":true}]}}