{"id":4816,"date":"2023-10-05T15:35:07","date_gmt":"2023-10-05T18:35:07","guid":{"rendered":"https:\/\/cidadebaixaonline.com.br\/?p=4816"},"modified":"2023-10-05T15:35:09","modified_gmt":"2023-10-05T18:35:09","slug":"formacao-de-defensoras-populares-da-defensoria-chega-pela-primeira-vez-ao-conjunto-penal-feminino","status":"publish","type":"post","link":"https:\/\/cidadebaixaonline.com.br\/index.php\/2023\/10\/05\/formacao-de-defensoras-populares-da-defensoria-chega-pela-primeira-vez-ao-conjunto-penal-feminino\/","title":{"rendered":"Forma\u00e7\u00e3o de defensoras populares da Defensoria chega pela primeira vez ao Conjunto Penal Feminino"},"content":{"rendered":"\n<p>O poder catalisador do conhecimento, que se multiplica em cadeia sempre que algu\u00e9m o passa adiante, \u00e9 o motor do curso Defensoras Populares, iniciativa da Defensoria P\u00fablica da Bahia (DP-BA) que chega a mais uma edi\u00e7\u00e3o. Na \u00faltima segunda-feira (2), ocorreu a aula inaugural de mais um lan\u00e7amento da iniciativa, que, pela primeira vez, ser\u00e1 realizada dentro da unidade do Conjunto Penal Feminino, em Salvador. O curso ser\u00e1 ministrado durante todo m\u00eas de outubro com diversas tem\u00e1ticas.&nbsp;<\/p>\n\n\n\n<p>A forma\u00e7\u00e3o tem como foco a transmiss\u00e3o de conhecimentos e a articula\u00e7\u00e3o de mulheres, com \u00eanfase na perspectiva de g\u00eanero, a partir das viv\u00eancias e temas mais comuns na sua comunidade. \u00c9 importante destacar que o curso ser\u00e1 majoritariamente ministrado por mulheres, para mulheres.<\/p>\n\n\n\n<p>Para Ana Almeida*, de 23 anos, h\u00e1 cinco anos no conjunto penal feminino, a expectativa de se tornar uma defensora popular casa perfeitamente com sua outra meta profissional, que \u00e9 se tornar professora. \u201cO curso vai dar assessoria a muitas mulheres que precisam ser ouvidas aqui dentro da unidade, e levar nossas demandas para voc\u00eas. Porque uma m\u00e3o segurando a outra a gente vai al\u00e9m, vai mais adiante\u201d, espera.&nbsp;<\/p>\n\n\n\n<p>Camila Pereira*, de 28 anos, tem interesse principalmente em conhecer mais de perto os pr\u00f3prios direitos. \u201cA gente vai poder reivindicar nossos direitos, aprendendo com voc\u00eas. Estamos nesse lugar, muitas vezes isoladas e tamb\u00e9m esquecidas. \u00c9 muito importante saber que tem gente que se lembra de n\u00f3s\u201d. Camila est\u00e1 h\u00e1 1 ano no conjunto feminino e j\u00e1 fez cursos de literatura e manicure.<\/p>\n\n\n\n<p>Entre os eixos tem\u00e1ticos trabalhados, o curso incluir\u00e1 disciplinas que focam n\u00e3o somente em assuntos jur\u00eddicos, mas em temas como o acesso a servi\u00e7os de sa\u00fade e atendimento psicossocial,&nbsp; entre outros. Os m\u00f3dulos do curso incluem \u201cMulheres, pris\u00f5es e liberdade: experi\u00eancias de egressas do sistema prisional\u201d; \u201cDireitos humanos ou fundamentais: institui\u00e7\u00e3o, c\u00e1rcere, acesso \u00e0 justi\u00e7a, justi\u00e7a criminal e execu\u00e7\u00e3o penal\u201d; \u201cDireitos socioassistenciais: benef\u00edcios, bolsa fam\u00edlia, entre outros\u201d; \u201cEmpoderamento e sa\u00fade mental\u201d; \u201cDireito de fam\u00edlia e espiritualidade\u201d e \u201cEmpregabilidade\u201d.<\/p>\n\n\n\n<p>AGENTES MOBILIZADORAS<\/p>\n\n\n\n<p>O projeto defensoras populares \u00e9 organizado pela Escola Superior da Defensoria P\u00fablica do Estado da Bahia (ESDEP), em parceria com a Coordena\u00e7\u00e3o Especializada Criminal e de Execu\u00e7\u00e3o Penal, al\u00e9m da Coordena\u00e7\u00e3o de Direitos Humanos. A iniciativa j\u00e1 teve edi\u00e7\u00f5es anteriores, contudo, ser\u00e1 pela primeira vez ministrada dentro do Conjunto Penal Feminino.<\/p>\n\n\n\n<p>\u201cEntendemos nessa edi\u00e7\u00e3o que dever\u00edamos levar o projeto para dentro de uma das unidades prisionais, priorizando a unidade feminina, que \u00e9 a que recebe menos visitas do que as outras\u201d, explica Diana Furtado, diretora da ESDEP.&nbsp; \u201cPrecisamos fazer um resgate da dignidade dessas mulheres, empoderando-as, informando-as dos seus direitos e dos seus deveres, e torcendo para que elas possam se tornar lideran\u00e7as quando sa\u00edrem da unidade prisional\u201d, pontua.<\/p>\n\n\n\n<p>A educa\u00e7\u00e3o em direitos \u00e9 elemento central para a vida das mulheres depois da liberdade, explica Larissa Guanaes, coordenadora da Especializada Criminal e de Execu\u00e7\u00e3o Penal. \u201cO curso foi pensado para essas mulheres que, logo, logo, deixar\u00e3o de ser pessoas em situa\u00e7\u00e3o de c\u00e1rcere, e voltar\u00e3o para a vida em sociedade. Elas v\u00e3o sair sabendo quais seus direitos sociais, direitos de fam\u00edlia, e com a possibilidade de repassar tais conhecimentos adiante\u201d, enfatiza.&nbsp;<\/p>\n\n\n\n<p>Para Donila Fonseca, coordenadora das Defensorias P\u00fablicas Especializadas, um dos pontos altos do curso \u00e9 justamente aproximar as internas da Defensoria P\u00fablica. \u201c\u00c0 medida em que as egressas conseguem ter acesso ao que \u00e9 a Defensoria e seus direitos, elas conseguem passar o conhecimento para a sua comunidade, para o ambiente de sua conviv\u00eancia, tornando mais f\u00e1cil a ressocializa\u00e7\u00e3o e a luta por seus direitos\u201d, pontua.&nbsp;<\/p>\n\n\n\n<p>Veja os eixos a serem trabalhados:<\/p>\n\n\n\n<p>EIXO I \u2013 Mulheres, pris\u00f5es e liberdade: experi\u00eancias de egressas do sistema prisional<\/p>\n\n\n\n<p>Mulheres, Construindo caminhos para a Liberdade<\/p>\n\n\n\n<p>EIXO II \u2013 Direitos Humanos ou Fundamentais<\/p>\n\n\n\n<p>Institui\u00e7\u00e3o, C\u00e1rcere, Mecanismo de Acesso \u00e0 Justi\u00e7a, Viola\u00e7\u00e3o e Garantia de Direitos<\/p>\n\n\n\n<p>EIXO III \u2013 Direitos Socioassistenciais<\/p>\n\n\n\n<p>Benef\u00edcios, bolsa fam\u00edlia, SEADES<\/p>\n\n\n\n<p>EIXO IV \u2013 Empoderamento, sa\u00fade mental, drogas e DSTs<\/p>\n\n\n\n<p>Autoestima, empoderamento e Feminismo Negro<\/p>\n\n\n\n<p>Sa\u00fade mental<\/p>\n\n\n\n<p>Infec\u00e7\u00f5es sexualmente transmiss\u00edveis e drogas<\/p>\n\n\n\n<p>Drogas subst\u00e2ncias psicoativas e Redu\u00e7\u00e3o de Danos<\/p>\n\n\n\n<p>EIXO V \u2013 Direito de Fam\u00edlia e Espiritualidade<\/p>\n\n\n\n<p>Direito de Fam\u00edlia<\/p>\n\n\n\n<p>EIXO VI \u2013 Empregabilidade<\/p>\n\n\n\n<p>Escrit\u00f3rio Social da Bahia \u2013 Empregabilidade (orienta\u00e7\u00e3o para recoloca\u00e7\u00e3o no mercado de trabalho).<\/p>\n\n\n\n<p>Fonte: Bahia Not\u00edcias <\/p>\n","protected":false},"excerpt":{"rendered":"<p>O poder catalisador do conhecimento, que se multiplica em cadeia sempre que algu\u00e9m o passa adiante, \u00e9 o motor do curso Defensoras Populares, iniciativa da Defensoria P\u00fablica da Bahia (DP-BA) que chega a mais uma edi\u00e7\u00e3o. Na \u00faltima segunda-feira (2), ocorreu a aula inaugural de mais um lan\u00e7amento da iniciativa, que, pela primeira vez, ser\u00e1 [&hellip;]<\/p>\n","protected":false},"author":2,"featured_media":4817,"comment_status":"open","ping_status":"open","sticky":false,"template":"","format":"standard","meta":{"jnews-multi-image_gallery":[],"jnews_single_post":{"subtitle":"","format":"standard","video":"","gallery":"","source_name":"","source_url":"","via_name":"","via_url":"","override_template":"0","override":[{"template":"1","single_blog_custom":"","parallax":"1","fullscreen":"1","layout":"right-sidebar","sidebar":"default-sidebar","second_sidebar":"default-sidebar","sticky_sidebar":"1","share_position":"top","share_float_style":"share-monocrhome","show_share_counter":"0","show_view_counter":"0","show_featured":"1","show_post_meta":"1","show_post_author":"0","show_post_author_image":"1","show_post_date":"1","post_date_format":"default","post_date_format_custom":"Y\/m\/d","show_post_category":"1","show_post_reading_time":"0","post_reading_time_wpm":"300","show_zoom_button":"0","zoom_button_out_step":"2","zoom_button_in_step":"3","show_post_tag":"1","show_prev_next_post":"1","show_popup_post":"1","number_popup_post":"1","show_author_box":"0","show_post_related":"0","show_inline_post_related":"0"}],"override_image_size":"0","image_override":[{"single_post_thumbnail_size":"no-crop","single_post_gallery_size":"crop-715"}],"trending_post":"0","trending_post_position":"meta","trending_post_label":"Trending","sponsored_post":"0","sponsored_post_label":"Sponsored by","sponsored_post_name":"","sponsored_post_url":"","sponsored_post_logo_enable":"0","sponsored_post_logo":"","sponsored_post_desc":"","disable_ad":"0"},"jnews_primary_category":{"id":"","hide":""},"footnotes":""},"categories":[85],"tags":[],"class_list":["post-4816","post","type-post","status-publish","format-standard","has-post-thumbnail","hentry","category-noticias"],"_links":{"self":[{"href":"https:\/\/cidadebaixaonline.com.br\/index.php\/wp-json\/wp\/v2\/posts\/4816","targetHints":{"allow":["GET"]}}],"collection":[{"href":"https:\/\/cidadebaixaonline.com.br\/index.php\/wp-json\/wp\/v2\/posts"}],"about":[{"href":"https:\/\/cidadebaixaonline.com.br\/index.php\/wp-json\/wp\/v2\/types\/post"}],"author":[{"embeddable":true,"href":"https:\/\/cidadebaixaonline.com.br\/index.php\/wp-json\/wp\/v2\/users\/2"}],"replies":[{"embeddable":true,"href":"https:\/\/cidadebaixaonline.com.br\/index.php\/wp-json\/wp\/v2\/comments?post=4816"}],"version-history":[{"count":1,"href":"https:\/\/cidadebaixaonline.com.br\/index.php\/wp-json\/wp\/v2\/posts\/4816\/revisions"}],"predecessor-version":[{"id":4818,"href":"https:\/\/cidadebaixaonline.com.br\/index.php\/wp-json\/wp\/v2\/posts\/4816\/revisions\/4818"}],"wp:featuredmedia":[{"embeddable":true,"href":"https:\/\/cidadebaixaonline.com.br\/index.php\/wp-json\/wp\/v2\/media\/4817"}],"wp:attachment":[{"href":"https:\/\/cidadebaixaonline.com.br\/index.php\/wp-json\/wp\/v2\/media?parent=4816"}],"wp:term":[{"taxonomy":"category","embeddable":true,"href":"https:\/\/cidadebaixaonline.com.br\/index.php\/wp-json\/wp\/v2\/categories?post=4816"},{"taxonomy":"post_tag","embeddable":true,"href":"https:\/\/cidadebaixaonline.com.br\/index.php\/wp-json\/wp\/v2\/tags?post=4816"}],"curies":[{"name":"wp","href":"https:\/\/api.w.org\/{rel}","templated":true}]}}