{"id":4813,"date":"2023-10-05T15:01:21","date_gmt":"2023-10-05T18:01:21","guid":{"rendered":"https:\/\/cidadebaixaonline.com.br\/?p=4813"},"modified":"2023-10-05T15:01:24","modified_gmt":"2023-10-05T18:01:24","slug":"caso-dos-medicos-ministro-aponta-hipotese-de-ligacao-com-atuacao-de-parlamentares","status":"publish","type":"post","link":"https:\/\/cidadebaixaonline.com.br\/index.php\/2023\/10\/05\/caso-dos-medicos-ministro-aponta-hipotese-de-ligacao-com-atuacao-de-parlamentares\/","title":{"rendered":"Caso dos m\u00e9dicos: Ministro aponta hip\u00f3tese de liga\u00e7\u00e3o com atua\u00e7\u00e3o de parlamentares"},"content":{"rendered":"\n<p>O ministro da Justi\u00e7a,\u00a0Fl\u00e1vio Dino (PDB), classificou como &#8220;execu\u00e7\u00e3o&#8221; o assassinato de tr\u00eas m\u00e9dicos em um quiosque na Barra da Tijuca, Rio de Janeiro, e apontou uma poss\u00edvel liga\u00e7\u00e3o do crime com atua\u00e7\u00e3o de parlamentares.<\/p>\n\n\n\n<p>O socialista usou as redes sociais para informar que determinou que a Pol\u00edcia Federal acompanhe as investiga\u00e7\u00f5es, considerando que um deles era ligado a dois deputados federais. Uma das v\u00edtimas, Diego Ralf Bomfim, de 35 anos,\u00a0era irm\u00e3o da deputada S\u00e2mia Bonfim (PSOL)\u00a0e cunhado do deputado Glauber Braga (Psol), marido de S\u00e2mia.<\/p>\n\n\n\n<p>&#8220;Em face da hip\u00f3tese de rela\u00e7\u00e3o com a atua\u00e7\u00e3o de dois parlamentares federais, determinei \u00e0\u00a0Pol\u00edcia Federal\u00a0que acompanhe as investiga\u00e7\u00f5es sobre a execu\u00e7\u00e3o de m\u00e9dicos no Rio. Ap\u00f3s essas provid\u00eancias iniciais imediatas, analisaremos juridicamente o caso. Minha solidariedade \u00e0 deputada S\u00e2mia, ao deputado Glauber e familiares&#8221;, escreveu o ministro.<\/p>\n\n\n\n<figure class=\"wp-block-embed is-type-rich is-provider-twitter wp-block-embed-twitter\"><div class=\"wp-block-embed__wrapper\">\n<blockquote class=\"twitter-tweet\" data-width=\"500\" data-dnt=\"true\"><p lang=\"pt\" dir=\"ltr\">Em face da hip\u00f3tese de rela\u00e7\u00e3o com a atua\u00e7\u00e3o de dois parlamentares federais, determinei \u00e0 Pol\u00edcia Federal que acompanhe as investiga\u00e7\u00f5es sobre a execu\u00e7\u00e3o de m\u00e9dicos no Rio. Ap\u00f3s essas provid\u00eancias iniciais imediatas, analisaremos juridicamente o caso. Minha solidariedade \u00e0\u2026<\/p>&mdash; Fl\u00e1vio Dino \ud83c\udde7\ud83c\uddf7 (@FlavioDino) <a href=\"https:\/\/twitter.com\/FlavioDino\/status\/1709894499881685021?ref_src=twsrc%5Etfw\">October 5, 2023<\/a><\/blockquote><script async src=\"https:\/\/platform.twitter.com\/widgets.js\" charset=\"utf-8\"><\/script>\n<\/div><\/figure>\n\n\n\n<p>Na madrugada desta quinta-feira (05),\u00a0tr\u00eas m\u00e9dicos ortopedistas foram suspreendidos por homens armados e executados a tiros. Uma quarta pessoa tamb\u00e9m foi baleada e socorrida para um hospital. Os profissionais estavam na cidade para um congresso internacional de ortopedia.<\/p>\n\n\n\n<p>Dino ainda classificou o caso como execu\u00e7\u00e3o e ordenou investiga\u00e7\u00e3o atrav\u00e9s da PF. &#8220;Sobre a execu\u00e7\u00e3o dos m\u00e9dicos, conversei agora com o governador do Rio, Cl\u00e1udio Castro. Pol\u00edcia Civil j\u00e1 realizando dilig\u00eancias investigat\u00f3rias. Pol\u00edcia Federal tamb\u00e9m. Secret\u00e1rio Executivo do MJ, Ricardo Cappelli, ir\u00e1 ao Rio e reunir\u00e1 com a dire\u00e7\u00e3o da PF e com o governo do Estado. Eu estou indo para a Bahia, refor\u00e7ar a\u00e7\u00f5es l\u00e1. Reitero a minha solidariedade aos familiares de todas as v\u00edtimas&#8221;, disse.\u00a0<\/p>\n\n\n\n<figure class=\"wp-block-embed is-type-rich is-provider-twitter wp-block-embed-twitter\"><div class=\"wp-block-embed__wrapper\">\n<blockquote class=\"twitter-tweet\" data-width=\"500\" data-dnt=\"true\"><p lang=\"pt\" dir=\"ltr\">Sobre a execu\u00e7\u00e3o dos m\u00e9dicos, conversei agora com o governador do Rio, Cl\u00e1udio Castro. Pol\u00edcia Civil j\u00e1 realizando dilig\u00eancias investigat\u00f3rias. Pol\u00edcia Federal tamb\u00e9m. Secret\u00e1rio Executivo do MJ, Ricardo Cappelli, ir\u00e1 ao Rio e reunir\u00e1 com a dire\u00e7\u00e3o da PF e com o governo do\u2026<\/p>&mdash; Fl\u00e1vio Dino \ud83c\udde7\ud83c\uddf7 (@FlavioDino) <a href=\"https:\/\/twitter.com\/FlavioDino\/status\/1709903623616876879?ref_src=twsrc%5Etfw\">October 5, 2023<\/a><\/blockquote><script async src=\"https:\/\/platform.twitter.com\/widgets.js\" charset=\"utf-8\"><\/script>\n<\/div><\/figure>\n\n\n\n<p>Fonte: Bnews <\/p>\n","protected":false},"excerpt":{"rendered":"<p>O ministro da Justi\u00e7a,\u00a0Fl\u00e1vio Dino (PDB), classificou como &#8220;execu\u00e7\u00e3o&#8221; o assassinato de tr\u00eas m\u00e9dicos em um quiosque na Barra da Tijuca, Rio de Janeiro, e apontou uma poss\u00edvel liga\u00e7\u00e3o do crime com atua\u00e7\u00e3o de parlamentares. O socialista usou as redes sociais para informar que determinou que a Pol\u00edcia Federal acompanhe as investiga\u00e7\u00f5es, considerando que um [&hellip;]<\/p>\n","protected":false},"author":2,"featured_media":4814,"comment_status":"open","ping_status":"open","sticky":false,"template":"","format":"standard","meta":{"jnews-multi-image_gallery":[],"jnews_single_post":{"subtitle":"","format":"standard","video":"","gallery":"","source_name":"","source_url":"","via_name":"","via_url":"","override_template":"0","override":[{"template":"1","single_blog_custom":"","parallax":"1","fullscreen":"1","layout":"right-sidebar","sidebar":"default-sidebar","second_sidebar":"default-sidebar","sticky_sidebar":"1","share_position":"top","share_float_style":"share-monocrhome","show_share_counter":"0","show_view_counter":"0","show_featured":"1","show_post_meta":"1","show_post_author":"0","show_post_author_image":"1","show_post_date":"1","post_date_format":"default","post_date_format_custom":"Y\/m\/d","show_post_category":"1","show_post_reading_time":"0","post_reading_time_wpm":"300","show_zoom_button":"0","zoom_button_out_step":"2","zoom_button_in_step":"3","show_post_tag":"1","show_prev_next_post":"1","show_popup_post":"1","number_popup_post":"1","show_author_box":"0","show_post_related":"0","show_inline_post_related":"0"}],"override_image_size":"0","image_override":[{"single_post_thumbnail_size":"no-crop","single_post_gallery_size":"crop-715"}],"trending_post":"0","trending_post_position":"meta","trending_post_label":"Trending","sponsored_post":"0","sponsored_post_label":"Sponsored by","sponsored_post_name":"","sponsored_post_url":"","sponsored_post_logo_enable":"0","sponsored_post_logo":"","sponsored_post_desc":"","disable_ad":"0"},"jnews_primary_category":{"id":"","hide":""},"footnotes":""},"categories":[85],"tags":[],"class_list":["post-4813","post","type-post","status-publish","format-standard","has-post-thumbnail","hentry","category-noticias"],"_links":{"self":[{"href":"https:\/\/cidadebaixaonline.com.br\/index.php\/wp-json\/wp\/v2\/posts\/4813","targetHints":{"allow":["GET"]}}],"collection":[{"href":"https:\/\/cidadebaixaonline.com.br\/index.php\/wp-json\/wp\/v2\/posts"}],"about":[{"href":"https:\/\/cidadebaixaonline.com.br\/index.php\/wp-json\/wp\/v2\/types\/post"}],"author":[{"embeddable":true,"href":"https:\/\/cidadebaixaonline.com.br\/index.php\/wp-json\/wp\/v2\/users\/2"}],"replies":[{"embeddable":true,"href":"https:\/\/cidadebaixaonline.com.br\/index.php\/wp-json\/wp\/v2\/comments?post=4813"}],"version-history":[{"count":1,"href":"https:\/\/cidadebaixaonline.com.br\/index.php\/wp-json\/wp\/v2\/posts\/4813\/revisions"}],"predecessor-version":[{"id":4815,"href":"https:\/\/cidadebaixaonline.com.br\/index.php\/wp-json\/wp\/v2\/posts\/4813\/revisions\/4815"}],"wp:featuredmedia":[{"embeddable":true,"href":"https:\/\/cidadebaixaonline.com.br\/index.php\/wp-json\/wp\/v2\/media\/4814"}],"wp:attachment":[{"href":"https:\/\/cidadebaixaonline.com.br\/index.php\/wp-json\/wp\/v2\/media?parent=4813"}],"wp:term":[{"taxonomy":"category","embeddable":true,"href":"https:\/\/cidadebaixaonline.com.br\/index.php\/wp-json\/wp\/v2\/categories?post=4813"},{"taxonomy":"post_tag","embeddable":true,"href":"https:\/\/cidadebaixaonline.com.br\/index.php\/wp-json\/wp\/v2\/tags?post=4813"}],"curies":[{"name":"wp","href":"https:\/\/api.w.org\/{rel}","templated":true}]}}