{"id":4807,"date":"2023-10-05T14:24:14","date_gmt":"2023-10-05T17:24:14","guid":{"rendered":"https:\/\/cidadebaixaonline.com.br\/?p=4807"},"modified":"2023-10-05T14:24:16","modified_gmt":"2023-10-05T17:24:16","slug":"aras-perde-na-justica-federal-para-conrado-hubner-mendes","status":"publish","type":"post","link":"https:\/\/cidadebaixaonline.com.br\/index.php\/2023\/10\/05\/aras-perde-na-justica-federal-para-conrado-hubner-mendes\/","title":{"rendered":"Aras perde na Justi\u00e7a Federal para Conrado H\u00fcbner Mendes"},"content":{"rendered":"\n<p>A Segunda Se\u00e7\u00e3o do Tribunal Regional Federal da 1\u00aa Regi\u00e3o (TRF-1) decidiu a favor do&nbsp;professor da Universidade de S\u00e3o Paulo (USP) e colunista do jornal&nbsp;Folha de S. Paulo, Conrado H\u00fcbner Mendes, em uma queixa-crime movida pelo&nbsp;ex-procurador-geral da Rep\u00fablica, Augusto Aras.<\/p>\n\n\n\n<p>Com a decis\u00e3o, a a\u00e7\u00e3o deve retornar \u00e0 primeira inst\u00e2ncia e ser levada para arquivamento. Aras solicitava que o docente fosse condenado por cal\u00fania, inj\u00faria e difama\u00e7\u00e3o, ap\u00f3s postagens em redes sociais e tamb\u00e9m por uma coluna da Folha: \u201cAras \u00e9 a antessala de Bolsonaro no Tribunal Penal Internacional\u201d, escreveu Conrado Mendes.&nbsp;<\/p>\n\n\n\n<p>Foram quatro votos favor\u00e1veis e outros quatro contra no julgamento do recurso. Em caso de empate, a decis\u00e3o \u00e9 favor\u00e1vel ao r\u00e9u. Um dos desembargadores que votou contra a continuidade da queixa-crime foi Marcus Vin\u00edcius Reis Bastos, que afirmou que &#8220;o&nbsp;contexto [da queixa-crime] \u00e9 que h\u00e1 uma cr\u00edtica dirigida a algu\u00e9m que ocupa um cargo, [e que] at\u00e9 por conta da relev\u00e2ncia do cargo que ocupou e das fun\u00e7\u00f5es que exerceu, bem ou mal, est\u00e1 sujeito a cr\u00edtica&#8221;.&nbsp;<\/p>\n\n\n\n<p>J\u00e1 o relator da mat\u00e9ria, Saulo Jos\u00e9 Casali, votou pela continuidade do processo. &#8220;A ampla liberdade de informa\u00e7\u00e3o, opini\u00e3o e cr\u00edtica jornal\u00edstica, reconhecida constitucionalmente \u00e0 imprensa, n\u00e3o \u00e9 um direito absoluto, encontrando limita\u00e7\u00f5es tais como a preserva\u00e7\u00e3o dos direitos de personalidade&#8221;, afirmou.<\/p>\n\n\n\n<p>Fonte: Metro1 <\/p>\n","protected":false},"excerpt":{"rendered":"<p>A Segunda Se\u00e7\u00e3o do Tribunal Regional Federal da 1\u00aa Regi\u00e3o (TRF-1) decidiu a favor do&nbsp;professor da Universidade de S\u00e3o Paulo (USP) e colunista do jornal&nbsp;Folha de S. Paulo, Conrado H\u00fcbner Mendes, em uma queixa-crime movida pelo&nbsp;ex-procurador-geral da Rep\u00fablica, Augusto Aras. Com a decis\u00e3o, a a\u00e7\u00e3o deve retornar \u00e0 primeira inst\u00e2ncia e ser levada para arquivamento. [&hellip;]<\/p>\n","protected":false},"author":2,"featured_media":4808,"comment_status":"open","ping_status":"open","sticky":false,"template":"","format":"standard","meta":{"jnews-multi-image_gallery":[],"jnews_single_post":{"subtitle":"","format":"standard","video":"","gallery":"","source_name":"","source_url":"","via_name":"","via_url":"","override_template":"0","override":[{"template":"1","single_blog_custom":"","parallax":"1","fullscreen":"1","layout":"right-sidebar","sidebar":"default-sidebar","second_sidebar":"default-sidebar","sticky_sidebar":"1","share_position":"top","share_float_style":"share-monocrhome","show_share_counter":"0","show_view_counter":"0","show_featured":"1","show_post_meta":"1","show_post_author":"0","show_post_author_image":"1","show_post_date":"1","post_date_format":"default","post_date_format_custom":"Y\/m\/d","show_post_category":"1","show_post_reading_time":"0","post_reading_time_wpm":"300","show_zoom_button":"0","zoom_button_out_step":"2","zoom_button_in_step":"3","show_post_tag":"1","show_prev_next_post":"1","show_popup_post":"1","number_popup_post":"1","show_author_box":"0","show_post_related":"0","show_inline_post_related":"0"}],"override_image_size":"0","image_override":[{"single_post_thumbnail_size":"no-crop","single_post_gallery_size":"crop-715"}],"trending_post":"0","trending_post_position":"meta","trending_post_label":"Trending","sponsored_post":"0","sponsored_post_label":"Sponsored by","sponsored_post_name":"","sponsored_post_url":"","sponsored_post_logo_enable":"0","sponsored_post_logo":"","sponsored_post_desc":"","disable_ad":"0"},"jnews_primary_category":{"id":"","hide":""},"footnotes":""},"categories":[107],"tags":[],"class_list":["post-4807","post","type-post","status-publish","format-standard","has-post-thumbnail","hentry","category-justica"],"_links":{"self":[{"href":"https:\/\/cidadebaixaonline.com.br\/index.php\/wp-json\/wp\/v2\/posts\/4807","targetHints":{"allow":["GET"]}}],"collection":[{"href":"https:\/\/cidadebaixaonline.com.br\/index.php\/wp-json\/wp\/v2\/posts"}],"about":[{"href":"https:\/\/cidadebaixaonline.com.br\/index.php\/wp-json\/wp\/v2\/types\/post"}],"author":[{"embeddable":true,"href":"https:\/\/cidadebaixaonline.com.br\/index.php\/wp-json\/wp\/v2\/users\/2"}],"replies":[{"embeddable":true,"href":"https:\/\/cidadebaixaonline.com.br\/index.php\/wp-json\/wp\/v2\/comments?post=4807"}],"version-history":[{"count":1,"href":"https:\/\/cidadebaixaonline.com.br\/index.php\/wp-json\/wp\/v2\/posts\/4807\/revisions"}],"predecessor-version":[{"id":4809,"href":"https:\/\/cidadebaixaonline.com.br\/index.php\/wp-json\/wp\/v2\/posts\/4807\/revisions\/4809"}],"wp:featuredmedia":[{"embeddable":true,"href":"https:\/\/cidadebaixaonline.com.br\/index.php\/wp-json\/wp\/v2\/media\/4808"}],"wp:attachment":[{"href":"https:\/\/cidadebaixaonline.com.br\/index.php\/wp-json\/wp\/v2\/media?parent=4807"}],"wp:term":[{"taxonomy":"category","embeddable":true,"href":"https:\/\/cidadebaixaonline.com.br\/index.php\/wp-json\/wp\/v2\/categories?post=4807"},{"taxonomy":"post_tag","embeddable":true,"href":"https:\/\/cidadebaixaonline.com.br\/index.php\/wp-json\/wp\/v2\/tags?post=4807"}],"curies":[{"name":"wp","href":"https:\/\/api.w.org\/{rel}","templated":true}]}}