{"id":4765,"date":"2023-10-04T16:03:26","date_gmt":"2023-10-04T19:03:26","guid":{"rendered":"https:\/\/cidadebaixaonline.com.br\/?p=4765"},"modified":"2023-10-04T16:03:28","modified_gmt":"2023-10-04T19:03:28","slug":"relator-reduz-aliquota-da-taxacao-dos-fundos-de-super-ricos-em-4","status":"publish","type":"post","link":"https:\/\/cidadebaixaonline.com.br\/index.php\/2023\/10\/04\/relator-reduz-aliquota-da-taxacao-dos-fundos-de-super-ricos-em-4\/","title":{"rendered":"Relator reduz al\u00edquota da taxa\u00e7\u00e3o dos fundos de super-ricos em 4%"},"content":{"rendered":"\n<p>Relator da proposta de lei de taxa\u00e7\u00e3o dos super-ricos (PL 4173\/2023), o deputado Pedro Paulo (PSD-RJ), pretende reduzir de 10% para 6% a tributa\u00e7\u00e3o proposta para esse p\u00fablico. \u00c9 o que revela o relat\u00f3rio sobre o projeto de lei, divulgado pelo deputado na noite de ter\u00e7a-feira (3).<\/p>\n\n\n\n<p>O corte tem como objetivo tornar a medida mais \u201cpalat\u00e1vel\u201d ao Congresso Nacional, em busca da aprova\u00e7\u00e3o que pode finalmente considerar que os recursos sejam recolhidos no Imposto de Renda \u2013 o que n\u00e3o ocorre atualmente. A tributa\u00e7\u00e3o incidiria sobre o valor acumulado por quem det\u00e9m fundos em para\u00edsos fiscais e fundos exclusivos de investimento no Brasil.<\/p>\n\n\n\n<p>As informa\u00e7\u00f5es foram publicadas pelo\u00a0Metr\u00f3poles. A ideia da taxa\u00e7\u00e3o dos super-ricos existe como uma tentativa de equivaler quem det\u00e9m investimento no Brasil e quem o faz por meio de offshores (empresas\/fundos de fora do pa\u00eds), na tentativa de evitar o pagamento de impostos.<\/p>\n\n\n\n<p>Entre as poss\u00edveis mudan\u00e7as que s\u00e3o demonstradas no relat\u00f3rio, est\u00e1 a uni\u00e3o do PL com a medida provis\u00f3ria (MP) de n\u00ba 1.184\/2023, e a exclus\u00e3o da ideia dos Juros sobre Capital Pr\u00f3prio (JCP). Al\u00e9m disso, a medida de fixar a al\u00edquota sobre os rendimentos em 15%, proposta pelo governo, est\u00e1 mantida. <\/p>\n\n\n\n<p>Fonte: Bahia Not\u00edcias <\/p>\n","protected":false},"excerpt":{"rendered":"<p>Relator da proposta de lei de taxa\u00e7\u00e3o dos super-ricos (PL 4173\/2023), o deputado Pedro Paulo (PSD-RJ), pretende reduzir de 10% para 6% a tributa\u00e7\u00e3o proposta para esse p\u00fablico. \u00c9 o que revela o relat\u00f3rio sobre o projeto de lei, divulgado pelo deputado na noite de ter\u00e7a-feira (3). O corte tem como objetivo tornar a medida [&hellip;]<\/p>\n","protected":false},"author":2,"featured_media":4766,"comment_status":"open","ping_status":"open","sticky":false,"template":"","format":"standard","meta":{"jnews-multi-image_gallery":[],"jnews_single_post":{"subtitle":"","format":"standard","video":"","gallery":"","source_name":"","source_url":"","via_name":"","via_url":"","override_template":"0","override":[{"template":"1","single_blog_custom":"","parallax":"1","fullscreen":"1","layout":"right-sidebar","sidebar":"default-sidebar","second_sidebar":"default-sidebar","sticky_sidebar":"1","share_position":"top","share_float_style":"share-monocrhome","show_share_counter":"0","show_view_counter":"0","show_featured":"1","show_post_meta":"1","show_post_author":"0","show_post_author_image":"1","show_post_date":"1","post_date_format":"default","post_date_format_custom":"Y\/m\/d","show_post_category":"1","show_post_reading_time":"0","post_reading_time_wpm":"300","show_zoom_button":"0","zoom_button_out_step":"2","zoom_button_in_step":"3","show_post_tag":"1","show_prev_next_post":"1","show_popup_post":"1","number_popup_post":"1","show_author_box":"0","show_post_related":"0","show_inline_post_related":"0"}],"override_image_size":"0","image_override":[{"single_post_thumbnail_size":"no-crop","single_post_gallery_size":"crop-715"}],"trending_post":"0","trending_post_position":"meta","trending_post_label":"Trending","sponsored_post":"0","sponsored_post_label":"Sponsored by","sponsored_post_name":"","sponsored_post_url":"","sponsored_post_logo_enable":"0","sponsored_post_logo":"","sponsored_post_desc":"","disable_ad":"0"},"jnews_primary_category":{"id":"","hide":""},"footnotes":""},"categories":[85],"tags":[],"class_list":["post-4765","post","type-post","status-publish","format-standard","has-post-thumbnail","hentry","category-noticias"],"_links":{"self":[{"href":"https:\/\/cidadebaixaonline.com.br\/index.php\/wp-json\/wp\/v2\/posts\/4765","targetHints":{"allow":["GET"]}}],"collection":[{"href":"https:\/\/cidadebaixaonline.com.br\/index.php\/wp-json\/wp\/v2\/posts"}],"about":[{"href":"https:\/\/cidadebaixaonline.com.br\/index.php\/wp-json\/wp\/v2\/types\/post"}],"author":[{"embeddable":true,"href":"https:\/\/cidadebaixaonline.com.br\/index.php\/wp-json\/wp\/v2\/users\/2"}],"replies":[{"embeddable":true,"href":"https:\/\/cidadebaixaonline.com.br\/index.php\/wp-json\/wp\/v2\/comments?post=4765"}],"version-history":[{"count":1,"href":"https:\/\/cidadebaixaonline.com.br\/index.php\/wp-json\/wp\/v2\/posts\/4765\/revisions"}],"predecessor-version":[{"id":4767,"href":"https:\/\/cidadebaixaonline.com.br\/index.php\/wp-json\/wp\/v2\/posts\/4765\/revisions\/4767"}],"wp:featuredmedia":[{"embeddable":true,"href":"https:\/\/cidadebaixaonline.com.br\/index.php\/wp-json\/wp\/v2\/media\/4766"}],"wp:attachment":[{"href":"https:\/\/cidadebaixaonline.com.br\/index.php\/wp-json\/wp\/v2\/media?parent=4765"}],"wp:term":[{"taxonomy":"category","embeddable":true,"href":"https:\/\/cidadebaixaonline.com.br\/index.php\/wp-json\/wp\/v2\/categories?post=4765"},{"taxonomy":"post_tag","embeddable":true,"href":"https:\/\/cidadebaixaonline.com.br\/index.php\/wp-json\/wp\/v2\/tags?post=4765"}],"curies":[{"name":"wp","href":"https:\/\/api.w.org\/{rel}","templated":true}]}}