{"id":4762,"date":"2023-10-04T15:11:29","date_gmt":"2023-10-04T18:11:29","guid":{"rendered":"https:\/\/cidadebaixaonline.com.br\/?p=4762"},"modified":"2023-10-04T15:11:30","modified_gmt":"2023-10-04T18:11:30","slug":"juiz-do-rio-condena-mario-frias-a-pagar-r-30-mil-por-chamar-marcelo-adnet-de-crapula","status":"publish","type":"post","link":"https:\/\/cidadebaixaonline.com.br\/index.php\/2023\/10\/04\/juiz-do-rio-condena-mario-frias-a-pagar-r-30-mil-por-chamar-marcelo-adnet-de-crapula\/","title":{"rendered":"Juiz do Rio condena M\u00e1rio Frias a pagar R$ 30 mil por chamar Marcelo Adnet de &#8216;cr\u00e1pula&#8217;"},"content":{"rendered":"\n<p>O juiz Marco Antonio Novaes de Abreu, da 5\u00aa Vara C\u00edvel da Barra da Tijuca, no Rio, condenou o deputado federal Mario Frias, ex-secret\u00e1rio do governo Jair Bolsonaro, a indenizar em R$ 30 mil o humorista Marcelo Adnet, o qual chamou de &#8220;frouxo&#8221;, &#8220;cr\u00e1pula&#8221;, &#8220;sem futuro&#8221; e &#8220;judas&#8221;.<br><br>As ofensas se deram em uma publica\u00e7\u00e3o no Instagram, que deve ser retirada, sob pena de multa di\u00e1ria de R$ 1 mil, at\u00e9 o limite de R$ 100 mil. O post foi feito em setembro de 2020, ap\u00f3s Adnet parodiar um pronunciamento oficial do ent\u00e3o Secret\u00e1rio Especial de Cultura.<\/p>\n\n\n\n<p>Na \u00e9poca, Adnet gravou um v\u00eddeo sat\u00edrico sobre a campanha &#8220;Um povo heroico&#8221;, estrelada pelo ent\u00e3o secret\u00e1rio de Cultura M\u00e1rio Frias como uma homenagem do Planalto ao feriado de 7 de Setembro A Secretaria Especial de Comunica\u00e7\u00e3o do governo Jair Bolsonaro chegou a criticar a pe\u00e7a de Adnet. A Procuradoria cobrou explica\u00e7\u00f5es do \u00f3rg\u00e3o.<\/p>\n\n\n\n<p>Um trecho da publica\u00e7\u00e3o feita pelo aliado de Bolsonaro diz: &#8220;Garoto frouxo e sem futuro. Agindo como se fosse um ser do bem, quando na verdade n\u00e3o passa de uma criatura imunda, cujo o adjetivo que devidamente o qualifica n\u00e3o \u00e9 outro sen\u00e3o o de cr\u00e1pula&#8221;.<\/p>\n\n\n\n<p>Frias contestou a a\u00e7\u00e3o por danos morais movida pelo humorista, alegando que o v\u00eddeo parodiado visava &#8220;homenagear o hero\u00edsmo do povo brasileiro&#8221;, \u00e0s v\u00e9speras do Dia da Independ\u00eancia, e que a par\u00f3dia havia ofendido sua honra. Nessa linha, evocou o direito de liberdade de express\u00e3o.<\/p>\n\n\n\n<p>O juiz Marco Antonio Novaes de Abreu entendeu que o post feito por Frias tinha como \u00fanico objetivo &#8220;desmerecer&#8221; Adnet &#8220;como profissional e pessoa, n\u00e3o se limitando a tecer coment\u00e1rios, mesmo que negativos&#8221; sobre a par\u00f3dia.<\/p>\n\n\n\n<p>&#8220;Mesmo as que possam ser usadas dentro de contextos sociais aceit\u00e1veis, n\u00e3o possuem cabimento quando proferidas por um Secret\u00e1rio de Governo com o n\u00edtido intuito difamat\u00f3rio, restou configurado o abuso no exerc\u00edcio do direito de liberdade de express\u00e3o, violando a honra e a imagem do autor&#8221;, ressaltou.<\/p>\n\n\n\n<p>Fonte: Jornal Correio <\/p>\n","protected":false},"excerpt":{"rendered":"<p>O juiz Marco Antonio Novaes de Abreu, da 5\u00aa Vara C\u00edvel da Barra da Tijuca, no Rio, condenou o deputado federal Mario Frias, ex-secret\u00e1rio do governo Jair Bolsonaro, a indenizar em R$ 30 mil o humorista Marcelo Adnet, o qual chamou de &#8220;frouxo&#8221;, &#8220;cr\u00e1pula&#8221;, &#8220;sem futuro&#8221; e &#8220;judas&#8221;. As ofensas se deram em uma publica\u00e7\u00e3o [&hellip;]<\/p>\n","protected":false},"author":2,"featured_media":4763,"comment_status":"open","ping_status":"open","sticky":false,"template":"","format":"standard","meta":{"jnews-multi-image_gallery":[],"jnews_single_post":{"subtitle":"","format":"standard","video":"","gallery":"","source_name":"","source_url":"","via_name":"","via_url":"","override_template":"0","override":[{"template":"1","single_blog_custom":"","parallax":"1","fullscreen":"1","layout":"right-sidebar","sidebar":"default-sidebar","second_sidebar":"default-sidebar","sticky_sidebar":"1","share_position":"top","share_float_style":"share-monocrhome","show_share_counter":"0","show_view_counter":"0","show_featured":"1","show_post_meta":"1","show_post_author":"0","show_post_author_image":"1","show_post_date":"1","post_date_format":"default","post_date_format_custom":"Y\/m\/d","show_post_category":"1","show_post_reading_time":"0","post_reading_time_wpm":"300","show_zoom_button":"0","zoom_button_out_step":"2","zoom_button_in_step":"3","show_post_tag":"1","show_prev_next_post":"1","show_popup_post":"1","number_popup_post":"1","show_author_box":"0","show_post_related":"0","show_inline_post_related":"0"}],"override_image_size":"0","image_override":[{"single_post_thumbnail_size":"no-crop","single_post_gallery_size":"crop-715"}],"trending_post":"0","trending_post_position":"meta","trending_post_label":"Trending","sponsored_post":"0","sponsored_post_label":"Sponsored by","sponsored_post_name":"","sponsored_post_url":"","sponsored_post_logo_enable":"0","sponsored_post_logo":"","sponsored_post_desc":"","disable_ad":"0"},"jnews_primary_category":{"id":"","hide":""},"footnotes":""},"categories":[107],"tags":[],"class_list":["post-4762","post","type-post","status-publish","format-standard","has-post-thumbnail","hentry","category-justica"],"_links":{"self":[{"href":"https:\/\/cidadebaixaonline.com.br\/index.php\/wp-json\/wp\/v2\/posts\/4762","targetHints":{"allow":["GET"]}}],"collection":[{"href":"https:\/\/cidadebaixaonline.com.br\/index.php\/wp-json\/wp\/v2\/posts"}],"about":[{"href":"https:\/\/cidadebaixaonline.com.br\/index.php\/wp-json\/wp\/v2\/types\/post"}],"author":[{"embeddable":true,"href":"https:\/\/cidadebaixaonline.com.br\/index.php\/wp-json\/wp\/v2\/users\/2"}],"replies":[{"embeddable":true,"href":"https:\/\/cidadebaixaonline.com.br\/index.php\/wp-json\/wp\/v2\/comments?post=4762"}],"version-history":[{"count":1,"href":"https:\/\/cidadebaixaonline.com.br\/index.php\/wp-json\/wp\/v2\/posts\/4762\/revisions"}],"predecessor-version":[{"id":4764,"href":"https:\/\/cidadebaixaonline.com.br\/index.php\/wp-json\/wp\/v2\/posts\/4762\/revisions\/4764"}],"wp:featuredmedia":[{"embeddable":true,"href":"https:\/\/cidadebaixaonline.com.br\/index.php\/wp-json\/wp\/v2\/media\/4763"}],"wp:attachment":[{"href":"https:\/\/cidadebaixaonline.com.br\/index.php\/wp-json\/wp\/v2\/media?parent=4762"}],"wp:term":[{"taxonomy":"category","embeddable":true,"href":"https:\/\/cidadebaixaonline.com.br\/index.php\/wp-json\/wp\/v2\/categories?post=4762"},{"taxonomy":"post_tag","embeddable":true,"href":"https:\/\/cidadebaixaonline.com.br\/index.php\/wp-json\/wp\/v2\/tags?post=4762"}],"curies":[{"name":"wp","href":"https:\/\/api.w.org\/{rel}","templated":true}]}}