{"id":4758,"date":"2023-10-04T14:56:45","date_gmt":"2023-10-04T17:56:45","guid":{"rendered":"https:\/\/cidadebaixaonline.com.br\/?p=4758"},"modified":"2023-10-04T14:58:02","modified_gmt":"2023-10-04T17:58:02","slug":"homem-e-sequestrado-mas-consegue-se-livrar-do-tribunal-do-crime-na-gamboa","status":"publish","type":"post","link":"https:\/\/cidadebaixaonline.com.br\/index.php\/2023\/10\/04\/homem-e-sequestrado-mas-consegue-se-livrar-do-tribunal-do-crime-na-gamboa\/","title":{"rendered":"Homem \u00e9 sequestrado, mas consegue se livrar do &#8216;tribunal do crime&#8217; na Gamboa"},"content":{"rendered":"\n<p>Um jovem de 22 anos que estava prestes a ser morto no \u201ctribunal do crime\u201d nesta ter\u00e7a-feira (3) por traficantes da comunidade da\u00a0Gamboa, que fica \u00e0s margens da Avenida Lafayette Coutinho (Contorno), em Salvador, conseguiu escapar das garras dos criminosos ap\u00f3s os suspeitos se assustarem com a chegada de guarni\u00e7\u00f5es policiais. A v\u00edtima conseguiu se livrar das amarras mantidas em seus bra\u00e7os e correu em dire\u00e7\u00e3o ao Quartel dos Aflitos, no bairro 2 de Julho, onde pediu ajuda a um agente que estava no local.<\/p>\n\n\n\n<p>De acordo com a Pol\u00edcia Militar, agentes do Comando de Policiamento em Miss\u00f5es Especiais (CPME) e da Companhia de Patrulhamento T\u00e1tico M\u00f3vel (Patamo) foram acionados para atender a ocorr\u00eancia ap\u00f3s serem informados por populares de que uma pessoa era mantida ref\u00e9m na Gamboa. Ao chegar no local, eles n\u00e3o encontraram os criminosos. At\u00e9 o final da manh\u00e3 desta quarta-feira (4), ningu\u00e9m havia sido preso.<\/p>\n\n\n\n<p>Ainda de acordo com a corpora\u00e7\u00e3o, a v\u00edtima, que foi ferida a golpes de faca, foi levada para uma Unidade de Pronto Atendimento (UPA), medicada, e, em seguida, encaminhada para a Central de Flagrantes, onde \u201cforam adotadas as provid\u00eancias cab\u00edveis&#8221;.<\/p>\n\n\n\n<p><strong>Sequestro<\/strong><\/p>\n\n\n\n<p>Tamb\u00e9m na regi\u00e3o da Gamboa, no \u00faltimo dia 26 de setembro,\u00a0um jovem foi sequestrado ao sair de um restaurante\u00a0na companhia da esposa e do filho. A v\u00edtima, identificada como Carlos Rainer dos Santos Vieira, de 20 anos, teve o celular &#8220;vasculhado&#8221; por traficantes locais e, em seguida, levada para um matagal, onde teria sido morta a tiros.<\/p>\n\n\n\n<p>Os criminosos teriam executado Carlos Reiner ap\u00f3s encontrar fotos em que ele aparecia com armas, que, de acordo com a fam\u00edlia, seriam de brinquedo. O corpo dele ainda n\u00e3o foi localizado.<\/p>\n\n\n\n<p>Fonte: Bnews <\/p>\n","protected":false},"excerpt":{"rendered":"<p>Um jovem de 22 anos que estava prestes a ser morto no \u201ctribunal do crime\u201d nesta ter\u00e7a-feira (3) por traficantes da comunidade da\u00a0Gamboa, que fica \u00e0s margens da Avenida Lafayette Coutinho (Contorno), em Salvador, conseguiu escapar das garras dos criminosos ap\u00f3s os suspeitos se assustarem com a chegada de guarni\u00e7\u00f5es policiais. A v\u00edtima conseguiu se [&hellip;]<\/p>\n","protected":false},"author":2,"featured_media":4759,"comment_status":"open","ping_status":"open","sticky":false,"template":"","format":"standard","meta":{"jnews-multi-image_gallery":[],"jnews_single_post":{"subtitle":"","format":"standard","video":"","gallery":"","source_name":"","source_url":"","via_name":"","via_url":"","override_template":"0","override":[{"template":"1","single_blog_custom":"","parallax":"1","fullscreen":"1","layout":"right-sidebar","sidebar":"default-sidebar","second_sidebar":"default-sidebar","sticky_sidebar":"1","share_position":"top","share_float_style":"share-monocrhome","show_share_counter":"0","show_view_counter":"0","show_featured":"1","show_post_meta":"1","show_post_author":"0","show_post_author_image":"1","show_post_date":"1","post_date_format":"default","post_date_format_custom":"Y\/m\/d","show_post_category":"1","show_post_reading_time":"0","post_reading_time_wpm":"300","show_zoom_button":"0","zoom_button_out_step":"2","zoom_button_in_step":"3","show_post_tag":"1","show_prev_next_post":"1","show_popup_post":"1","number_popup_post":"1","show_author_box":"0","show_post_related":"0","show_inline_post_related":"0"}],"override_image_size":"0","image_override":[{"single_post_thumbnail_size":"no-crop","single_post_gallery_size":"crop-715"}],"trending_post":"0","trending_post_position":"meta","trending_post_label":"Trending","sponsored_post":"0","sponsored_post_label":"Sponsored by","sponsored_post_name":"","sponsored_post_url":"","sponsored_post_logo_enable":"0","sponsored_post_logo":"","sponsored_post_desc":"","disable_ad":"0"},"jnews_primary_category":{"id":"","hide":""},"footnotes":""},"categories":[105],"tags":[],"class_list":["post-4758","post","type-post","status-publish","format-standard","has-post-thumbnail","hentry","category-policia"],"_links":{"self":[{"href":"https:\/\/cidadebaixaonline.com.br\/index.php\/wp-json\/wp\/v2\/posts\/4758","targetHints":{"allow":["GET"]}}],"collection":[{"href":"https:\/\/cidadebaixaonline.com.br\/index.php\/wp-json\/wp\/v2\/posts"}],"about":[{"href":"https:\/\/cidadebaixaonline.com.br\/index.php\/wp-json\/wp\/v2\/types\/post"}],"author":[{"embeddable":true,"href":"https:\/\/cidadebaixaonline.com.br\/index.php\/wp-json\/wp\/v2\/users\/2"}],"replies":[{"embeddable":true,"href":"https:\/\/cidadebaixaonline.com.br\/index.php\/wp-json\/wp\/v2\/comments?post=4758"}],"version-history":[{"count":2,"href":"https:\/\/cidadebaixaonline.com.br\/index.php\/wp-json\/wp\/v2\/posts\/4758\/revisions"}],"predecessor-version":[{"id":4761,"href":"https:\/\/cidadebaixaonline.com.br\/index.php\/wp-json\/wp\/v2\/posts\/4758\/revisions\/4761"}],"wp:featuredmedia":[{"embeddable":true,"href":"https:\/\/cidadebaixaonline.com.br\/index.php\/wp-json\/wp\/v2\/media\/4759"}],"wp:attachment":[{"href":"https:\/\/cidadebaixaonline.com.br\/index.php\/wp-json\/wp\/v2\/media?parent=4758"}],"wp:term":[{"taxonomy":"category","embeddable":true,"href":"https:\/\/cidadebaixaonline.com.br\/index.php\/wp-json\/wp\/v2\/categories?post=4758"},{"taxonomy":"post_tag","embeddable":true,"href":"https:\/\/cidadebaixaonline.com.br\/index.php\/wp-json\/wp\/v2\/tags?post=4758"}],"curies":[{"name":"wp","href":"https:\/\/api.w.org\/{rel}","templated":true}]}}