{"id":475,"date":"2023-07-13T10:57:33","date_gmt":"2023-07-13T13:57:33","guid":{"rendered":"http:\/\/salvadoracontece.com.br\/?p=271"},"modified":"2023-07-13T10:57:33","modified_gmt":"2023-07-13T13:57:33","slug":"bahia-e-o-estado-com-mais-pessoas-que-deixaram-linha-da-pobreza-em-junho-diz-governo-federal","status":"publish","type":"post","link":"https:\/\/cidadebaixaonline.com.br\/index.php\/2023\/07\/13\/bahia-e-o-estado-com-mais-pessoas-que-deixaram-linha-da-pobreza-em-junho-diz-governo-federal\/","title":{"rendered":"Bahia \u00e9 o estado com mais pessoas que deixaram linha da pobreza em junho, diz governo federal"},"content":{"rendered":"\n<p>O\u00a0Minist\u00e9rio do Desenvolvimento e Assist\u00eancia Social, Fam\u00edlia e Combate \u00e0 Fome (MDS)\u00a0informou, nesta quarta-feira (12), que 43,5 milh\u00f5es de pessoas, ou 18,52 milh\u00f5es de fam\u00edlias, deixaram a linha da pobreza em junho, ou seja, passaram a ter rendimentos mensais superiores a R$ 218 per capita.<\/p>\n\n\n\n<p>A Bahia foi o estado com maior n\u00famero de fam\u00edlias que ultrapassaram a faixa de renda em junho: 2,26 milh\u00f5es de lares. Em seguida, aparecem S\u00e3o Paulo, com 2,25 milh\u00f5es de fam\u00edlias saindo da linha da pobreza; Rio de Janeiro, com 1,63 milh\u00e3o; Pernambuco, com 1,48 milh\u00e3o; e Minas Gerais, com 1,38 milh\u00e3o.<\/p>\n\n\n\n<p>\u201cO Bolsa Fam\u00edlia, relan\u00e7ado em mar\u00e7o e implementado totalmente no \u00faltimo m\u00eas, \u00e9 o grande respons\u00e1vel por elevar a renda da popula\u00e7\u00e3o mais vulner\u00e1vel acima da linha da pobreza\u201d, destacou, em nota, o Minist\u00e9rio do Desenvolvimento e Assist\u00eancia Social, Fam\u00edlia e Combate \u00e0 Fome.<\/p>\n\n\n\n<p>Segundo o MDS, em mar\u00e7o, o governo federal relan\u00e7ou o\u00a0Bolsa Fam\u00edlia\u00a0com valor m\u00ednimo de R$ 600 e adicional de R$ 150 para crian\u00e7as de at\u00e9 6 anos. Em junho, concedeu benef\u00edcios vari\u00e1veis de R$ 50 para gestantes, crian\u00e7as e adolescentes de 7 a 18 anos, e o valor m\u00ednimo per capita do programa passou a ser de R$ 142.<\/p>\n\n\n\n<p>De acordo com o minist\u00e9rio, com a reformula\u00e7\u00e3o, o t\u00edquete m\u00e9dio do Bolsa Fam\u00edlia chegou ao maior valor da hist\u00f3ria do programa: R$ 705,4.<\/p>\n","protected":false},"excerpt":{"rendered":"<p>O\u00a0Minist\u00e9rio do Desenvolvimento e Assist\u00eancia Social, Fam\u00edlia e Combate \u00e0 Fome (MDS)\u00a0informou, nesta quarta-feira (12), que 43,5 milh\u00f5es de pessoas, ou 18,52 milh\u00f5es de fam\u00edlias, deixaram a linha da pobreza em junho, ou seja, passaram a ter rendimentos mensais superiores a R$ 218 per capita. A Bahia foi o estado com maior n\u00famero de fam\u00edlias [&hellip;]<\/p>\n","protected":false},"author":1,"featured_media":777,"comment_status":"open","ping_status":"open","sticky":false,"template":"","format":"standard","meta":{"jnews-multi-image_gallery":[],"jnews_single_post":[],"jnews_primary_category":[],"footnotes":""},"categories":[85],"tags":[],"class_list":["post-475","post","type-post","status-publish","format-standard","has-post-thumbnail","hentry","category-noticias"],"_links":{"self":[{"href":"https:\/\/cidadebaixaonline.com.br\/index.php\/wp-json\/wp\/v2\/posts\/475","targetHints":{"allow":["GET"]}}],"collection":[{"href":"https:\/\/cidadebaixaonline.com.br\/index.php\/wp-json\/wp\/v2\/posts"}],"about":[{"href":"https:\/\/cidadebaixaonline.com.br\/index.php\/wp-json\/wp\/v2\/types\/post"}],"author":[{"embeddable":true,"href":"https:\/\/cidadebaixaonline.com.br\/index.php\/wp-json\/wp\/v2\/users\/1"}],"replies":[{"embeddable":true,"href":"https:\/\/cidadebaixaonline.com.br\/index.php\/wp-json\/wp\/v2\/comments?post=475"}],"version-history":[{"count":0,"href":"https:\/\/cidadebaixaonline.com.br\/index.php\/wp-json\/wp\/v2\/posts\/475\/revisions"}],"wp:featuredmedia":[{"embeddable":true,"href":"https:\/\/cidadebaixaonline.com.br\/index.php\/wp-json\/wp\/v2\/media\/777"}],"wp:attachment":[{"href":"https:\/\/cidadebaixaonline.com.br\/index.php\/wp-json\/wp\/v2\/media?parent=475"}],"wp:term":[{"taxonomy":"category","embeddable":true,"href":"https:\/\/cidadebaixaonline.com.br\/index.php\/wp-json\/wp\/v2\/categories?post=475"},{"taxonomy":"post_tag","embeddable":true,"href":"https:\/\/cidadebaixaonline.com.br\/index.php\/wp-json\/wp\/v2\/tags?post=475"}],"curies":[{"name":"wp","href":"https:\/\/api.w.org\/{rel}","templated":true}]}}