{"id":4713,"date":"2023-10-03T15:36:22","date_gmt":"2023-10-03T18:36:22","guid":{"rendered":"https:\/\/cidadebaixaonline.com.br\/?p=4713"},"modified":"2023-10-03T15:36:24","modified_gmt":"2023-10-03T18:36:24","slug":"nunes-marques-derruba-quebra-de-sigilos-de-ex-diretor-da-prf-silvinei","status":"publish","type":"post","link":"https:\/\/cidadebaixaonline.com.br\/index.php\/2023\/10\/03\/nunes-marques-derruba-quebra-de-sigilos-de-ex-diretor-da-prf-silvinei\/","title":{"rendered":"Nunes Marques derruba quebra de sigilos de ex-diretor da PRF Silvinei"},"content":{"rendered":"\n<p>O ministro do Supremo Tribunal Federal (STF) Nunes Marques suspendeu as quebras dos sigilos telem\u00e1tico, telef\u00f4nico, fiscal e banc\u00e1rio do ex-diretor-geral da Pol\u00edcia Rodovi\u00e1ria Federal (PRF) Silvinei Vasques que foram aprovadas pela Comiss\u00e3o Parlamentar Mista de Inqu\u00e9rito (CPMI) do dia 8 de janeiro.<\/p>\n\n\n\n<p>Em decis\u00e3o liminar e monocr\u00e1tica publicada nesta ter\u00e7a-feira (3), o ministro da Suprema Corte alegou que as raz\u00f5es para as quebras de sigilos n\u00e3o foram devidamente fundamentadas pela Comiss\u00e3o.<\/p>\n\n\n\n<p>\u201cN\u00e3o h\u00e1 pr\u00e9via defini\u00e7\u00e3o do escopo espec\u00edfico para a quebra do sigilo, medida que se afigura ampla e gen\u00e9rica, a alcan\u00e7ar todo o conte\u00fado das informa\u00e7\u00f5es banc\u00e1rias, fiscais, telef\u00f4nicas e telem\u00e1ticas privadas\u201d, argumentou.&nbsp;<\/p>\n\n\n\n<p>Nunes Marques acrescentou que os aparelhos celulares hoje concentram enorme quantidade de dados sens\u00edveis e pessoais e de terceiros que, a princ\u00edpio, n\u00e3o apresentariam interesse para investiga\u00e7\u00f5es no \u00e2mbito do parlamento. \u201cO Tribunal vem enfatizando a necessidade de a quebra ser proporcional ao fim a que se destina, sendo vedada a concess\u00e3o de indiscriminada devassa da vida privada do investigado\u201d, afirmou.&nbsp;<\/p>\n\n\n\n<p>Al\u00e9m disso, o ministro argumentou que o escopo da CPMI n\u00e3o abarcaria os atos golpistas ocorridos antes do 8 de janeiro. Ao aprovar o plano de trabalho, a CPMI definiu que as investiga\u00e7\u00f5es deviam abarcar fatos ocorridos a partir do 2\u00ba turno das elei\u00e7\u00f5es de 2022. &nbsp;<\/p>\n\n\n\n<p>\u201cA alega\u00e7\u00e3o de que o impetrante est\u00e1 sendo investigado \u201cpor permitir e incentivar a obstru\u00e7\u00e3o de rodovias por caminhoneiros\u201d n\u00e3o serve para justificar o afastamento da confidencialidade de dados seus protegidos por lei, seja porque a mera not\u00edcia da exist\u00eancia de apura\u00e7\u00e3o em curso sobre fatos tidos como il\u00edcitos no per\u00edodo das Elei\u00e7\u00f5es 2022 n\u00e3o configura ind\u00edcio forte o suficiente do envolvimento dele nos eventos em tela, seja porque n\u00e3o se logrou demonstrar a congru\u00eancia entre o que levou \u00e0 instala\u00e7\u00e3o da CPMI \u2013 apura\u00e7\u00e3o de a\u00e7\u00f5es e omiss\u00f5es relacionadas aos atos de 8 de janeiro de 2023 \u2013 e a aludida argui\u00e7\u00e3o\u201d, destacou o magistrado.<\/p>\n\n\n\n<p><strong>Interfer\u00eancia nas elei\u00e7\u00f5es&nbsp;<\/strong><\/p>\n\n\n\n<p>A Pol\u00edcia Rodovi\u00e1ria Federal (PRF) sob gest\u00e3o do ex-diretor-geral Silvinei Vasques vem sendo acusada de tentar interferir na elei\u00e7\u00e3o presidencial do dia 30 de outubro de 2022 devido ao aumento da fiscaliza\u00e7\u00e3o em locais onde o presidente Luiz In\u00e1cio Lula da Silva teve mais votos no 1\u00ba turno. O ex-diretor nega as acusa\u00e7\u00f5es. Vasques foi ouvido pela CPMI em 20 de junho.<\/p>\n\n\n\n<p>No in\u00edcio de agosto, o ex-PRF foi preso suspeito de tentar interferir nas elei\u00e7\u00f5es. A relatora da CPMI senadora Eliziane Gama chegou a pedir a reconvoca\u00e7\u00e3o de Silvinei argumentando que ele mentiu para a Comiss\u00e3o.<\/p>\n\n\n\n<p>Fonte: Ag\u00eancia Brasil<\/p>\n\n\n\n<p>Fonte: TRBN<\/p>\n","protected":false},"excerpt":{"rendered":"<p>O ministro do Supremo Tribunal Federal (STF) Nunes Marques suspendeu as quebras dos sigilos telem\u00e1tico, telef\u00f4nico, fiscal e banc\u00e1rio do ex-diretor-geral da Pol\u00edcia Rodovi\u00e1ria Federal (PRF) Silvinei Vasques que foram aprovadas pela Comiss\u00e3o Parlamentar Mista de Inqu\u00e9rito (CPMI) do dia 8 de janeiro. Em decis\u00e3o liminar e monocr\u00e1tica publicada nesta ter\u00e7a-feira (3), o ministro da [&hellip;]<\/p>\n","protected":false},"author":2,"featured_media":4714,"comment_status":"open","ping_status":"open","sticky":false,"template":"","format":"standard","meta":{"jnews-multi-image_gallery":[],"jnews_single_post":{"subtitle":"","format":"standard","video":"","gallery":"","source_name":"","source_url":"","via_name":"","via_url":"","override_template":"0","override":[{"template":"1","single_blog_custom":"","parallax":"1","fullscreen":"1","layout":"right-sidebar","sidebar":"default-sidebar","second_sidebar":"default-sidebar","sticky_sidebar":"1","share_position":"top","share_float_style":"share-monocrhome","show_share_counter":"0","show_view_counter":"0","show_featured":"1","show_post_meta":"1","show_post_author":"0","show_post_author_image":"1","show_post_date":"1","post_date_format":"default","post_date_format_custom":"Y\/m\/d","show_post_category":"1","show_post_reading_time":"0","post_reading_time_wpm":"300","show_zoom_button":"0","zoom_button_out_step":"2","zoom_button_in_step":"3","show_post_tag":"1","show_prev_next_post":"1","show_popup_post":"1","number_popup_post":"1","show_author_box":"0","show_post_related":"0","show_inline_post_related":"0"}],"override_image_size":"0","image_override":[{"single_post_thumbnail_size":"no-crop","single_post_gallery_size":"crop-715"}],"trending_post":"0","trending_post_position":"meta","trending_post_label":"Trending","sponsored_post":"0","sponsored_post_label":"Sponsored by","sponsored_post_name":"","sponsored_post_url":"","sponsored_post_logo_enable":"0","sponsored_post_logo":"","sponsored_post_desc":"","disable_ad":"0"},"jnews_primary_category":{"id":"","hide":""},"footnotes":""},"categories":[85],"tags":[],"class_list":["post-4713","post","type-post","status-publish","format-standard","has-post-thumbnail","hentry","category-noticias"],"_links":{"self":[{"href":"https:\/\/cidadebaixaonline.com.br\/index.php\/wp-json\/wp\/v2\/posts\/4713","targetHints":{"allow":["GET"]}}],"collection":[{"href":"https:\/\/cidadebaixaonline.com.br\/index.php\/wp-json\/wp\/v2\/posts"}],"about":[{"href":"https:\/\/cidadebaixaonline.com.br\/index.php\/wp-json\/wp\/v2\/types\/post"}],"author":[{"embeddable":true,"href":"https:\/\/cidadebaixaonline.com.br\/index.php\/wp-json\/wp\/v2\/users\/2"}],"replies":[{"embeddable":true,"href":"https:\/\/cidadebaixaonline.com.br\/index.php\/wp-json\/wp\/v2\/comments?post=4713"}],"version-history":[{"count":1,"href":"https:\/\/cidadebaixaonline.com.br\/index.php\/wp-json\/wp\/v2\/posts\/4713\/revisions"}],"predecessor-version":[{"id":4715,"href":"https:\/\/cidadebaixaonline.com.br\/index.php\/wp-json\/wp\/v2\/posts\/4713\/revisions\/4715"}],"wp:featuredmedia":[{"embeddable":true,"href":"https:\/\/cidadebaixaonline.com.br\/index.php\/wp-json\/wp\/v2\/media\/4714"}],"wp:attachment":[{"href":"https:\/\/cidadebaixaonline.com.br\/index.php\/wp-json\/wp\/v2\/media?parent=4713"}],"wp:term":[{"taxonomy":"category","embeddable":true,"href":"https:\/\/cidadebaixaonline.com.br\/index.php\/wp-json\/wp\/v2\/categories?post=4713"},{"taxonomy":"post_tag","embeddable":true,"href":"https:\/\/cidadebaixaonline.com.br\/index.php\/wp-json\/wp\/v2\/tags?post=4713"}],"curies":[{"name":"wp","href":"https:\/\/api.w.org\/{rel}","templated":true}]}}