{"id":4707,"date":"2023-10-03T15:05:59","date_gmt":"2023-10-03T18:05:59","guid":{"rendered":"https:\/\/cidadebaixaonline.com.br\/?p=4707"},"modified":"2023-10-03T15:06:01","modified_gmt":"2023-10-03T18:06:01","slug":"prefeitura-de-feira-nao-renovara-contrato-de-saude-com-imaps","status":"publish","type":"post","link":"https:\/\/cidadebaixaonline.com.br\/index.php\/2023\/10\/03\/prefeitura-de-feira-nao-renovara-contrato-de-saude-com-imaps\/","title":{"rendered":"Prefeitura de Feira n\u00e3o renovar\u00e1 contrato de sa\u00fade com Imaps"},"content":{"rendered":"\n<p>A Prefeitura Municipal de Feira de Santana optou por n\u00e3o renovar o contrato com a empresa Imaps Sa\u00fade. A informa\u00e7\u00e3o foi confirmada pela secret\u00e1ria de Sa\u00fade, Cristiane Campos ao\u00a0Acorda Cidade.<\/p>\n\n\n\n<p>De acordo com Cristiane, a Imaps n\u00e3o estava cumprindo os requisitos contratuais, como o pagamento aos respectivos funcion\u00e1rios.\u00a0<\/p>\n\n\n\n<p>\u201cN\u00f3s t\u00ednhamos a possiblidade de renovar o contrato com a empresa, mas devido \u00e0 falta de cumprimento do contrato, a gest\u00e3o optou por n\u00e3o renovar este contrato, ent\u00e3o a nossa inten\u00e7\u00e3o \u00e9 que estes problemas sejam sanados\u201d, disse.<\/p>\n\n\n\n<p>Perguntada sobre o motivo da empresa n\u00e3o efetuar o pagamento dos funcion\u00e1rios, Campos contou que n\u00e3o sabe a causa do atraso do pagamento, mas apontou que a prefeitura fez um repasse de mais de R$ 7 milh\u00f5es para todas as empresas.<\/p>\n\n\n\n<p>\u201cReferente ao porqu\u00ea da empresa n\u00e3o est\u00e1 pagando os funcion\u00e1rios, isso eu n\u00e3o posso responder, pois n\u00f3s fizemos o nosso repasse. Inclusive agora do m\u00eas de setembro, n\u00f3s fechamos um montante de todas as empresas em mais de R$ 7 milh\u00f5es e 300 mil, para que elas pudessem cumprir o contrato, que neste caso, seria o pagamento dos funcion\u00e1rios\u201d, afirmou.<\/p>\n\n\n\n<p>A titular da pasta informou tamb\u00e9m que a empresa cont\u00e9m cerca de 700 funcion\u00e1rios, mas nenhum colaborador foi prejudicado.<\/p>\n\n\n\n<p>\u201cEu n\u00e3o tenho como dizer a quantidade de funcion\u00e1rios que est\u00e3o sem receber, mas no controle que n\u00f3s temos aqui, s\u00e3o estimados cerca de 700 funcion\u00e1rios que pertencem ao contrato da empresa Imaps. Quero at\u00e9 dizer, que eles possam ficar calmos, pois estes funcion\u00e1rios n\u00e3o ser\u00e3o prejudicados, ir\u00e3o continuar trabalhando, n\u00e3o ir\u00e3o ficar desempregados e n\u00f3s estamos viabilizando esta troca para que todos os problemas possam ser resolvidos\u201d, explicou.<\/p>\n\n\n\n<p>Ainda segundo a secret\u00e1ria, a empresa foi notificada a quitar todos os pagamentos dentro de 72 horas.<\/p>\n\n\n\n<p>\u201cN\u00f3s notificamos a empresa, demos um prazo para que eles pudessem fazer este pagamento, sob pena de cumprir san\u00e7\u00e3o contratual, inclusive isso j\u00e1 est\u00e1 sendo averiguado por nossa equipe jur\u00eddica da Procuradoria Geral do Munic\u00edpio\u201d, completou.<\/p>\n\n\n\n<p>A Imaps j\u00e1 tinha sido notificada em outras ocasi\u00f5es por atrasos no pagamento de funcion\u00e1rios de unidades de sa\u00fade de Feira de Santana.\u00a0A empresa al\u00e9m disso foi a escolhida para gerir a Unidade de Pronto Atendimento (UPA) do bairro de Periperi, em Salvador.<\/p>\n\n\n\n<p><\/p>\n","protected":false},"excerpt":{"rendered":"<p>A Prefeitura Municipal de Feira de Santana optou por n\u00e3o renovar o contrato com a empresa Imaps Sa\u00fade. A informa\u00e7\u00e3o foi confirmada pela secret\u00e1ria de Sa\u00fade, Cristiane Campos ao\u00a0Acorda Cidade. De acordo com Cristiane, a Imaps n\u00e3o estava cumprindo os requisitos contratuais, como o pagamento aos respectivos funcion\u00e1rios.\u00a0 \u201cN\u00f3s t\u00ednhamos a possiblidade de renovar o [&hellip;]<\/p>\n","protected":false},"author":2,"featured_media":4708,"comment_status":"open","ping_status":"open","sticky":false,"template":"","format":"standard","meta":{"jnews-multi-image_gallery":[],"jnews_single_post":{"subtitle":"","format":"standard","video":"","gallery":"","source_name":"","source_url":"","via_name":"","via_url":"","override_template":"0","override":[{"template":"1","single_blog_custom":"","parallax":"1","fullscreen":"1","layout":"right-sidebar","sidebar":"default-sidebar","second_sidebar":"default-sidebar","sticky_sidebar":"1","share_position":"top","share_float_style":"share-monocrhome","show_share_counter":"0","show_view_counter":"0","show_featured":"1","show_post_meta":"1","show_post_author":"0","show_post_author_image":"1","show_post_date":"1","post_date_format":"default","post_date_format_custom":"Y\/m\/d","show_post_category":"1","show_post_reading_time":"0","post_reading_time_wpm":"300","show_zoom_button":"0","zoom_button_out_step":"2","zoom_button_in_step":"3","show_post_tag":"1","show_prev_next_post":"1","show_popup_post":"1","number_popup_post":"1","show_author_box":"0","show_post_related":"0","show_inline_post_related":"0"}],"override_image_size":"0","image_override":[{"single_post_thumbnail_size":"no-crop","single_post_gallery_size":"crop-715"}],"trending_post":"0","trending_post_position":"meta","trending_post_label":"Trending","sponsored_post":"0","sponsored_post_label":"Sponsored by","sponsored_post_name":"","sponsored_post_url":"","sponsored_post_logo_enable":"0","sponsored_post_logo":"","sponsored_post_desc":"","disable_ad":"0"},"jnews_primary_category":{"id":"","hide":""},"footnotes":""},"categories":[91],"tags":[],"class_list":["post-4707","post","type-post","status-publish","format-standard","has-post-thumbnail","hentry","category-politica"],"_links":{"self":[{"href":"https:\/\/cidadebaixaonline.com.br\/index.php\/wp-json\/wp\/v2\/posts\/4707","targetHints":{"allow":["GET"]}}],"collection":[{"href":"https:\/\/cidadebaixaonline.com.br\/index.php\/wp-json\/wp\/v2\/posts"}],"about":[{"href":"https:\/\/cidadebaixaonline.com.br\/index.php\/wp-json\/wp\/v2\/types\/post"}],"author":[{"embeddable":true,"href":"https:\/\/cidadebaixaonline.com.br\/index.php\/wp-json\/wp\/v2\/users\/2"}],"replies":[{"embeddable":true,"href":"https:\/\/cidadebaixaonline.com.br\/index.php\/wp-json\/wp\/v2\/comments?post=4707"}],"version-history":[{"count":1,"href":"https:\/\/cidadebaixaonline.com.br\/index.php\/wp-json\/wp\/v2\/posts\/4707\/revisions"}],"predecessor-version":[{"id":4709,"href":"https:\/\/cidadebaixaonline.com.br\/index.php\/wp-json\/wp\/v2\/posts\/4707\/revisions\/4709"}],"wp:featuredmedia":[{"embeddable":true,"href":"https:\/\/cidadebaixaonline.com.br\/index.php\/wp-json\/wp\/v2\/media\/4708"}],"wp:attachment":[{"href":"https:\/\/cidadebaixaonline.com.br\/index.php\/wp-json\/wp\/v2\/media?parent=4707"}],"wp:term":[{"taxonomy":"category","embeddable":true,"href":"https:\/\/cidadebaixaonline.com.br\/index.php\/wp-json\/wp\/v2\/categories?post=4707"},{"taxonomy":"post_tag","embeddable":true,"href":"https:\/\/cidadebaixaonline.com.br\/index.php\/wp-json\/wp\/v2\/tags?post=4707"}],"curies":[{"name":"wp","href":"https:\/\/api.w.org\/{rel}","templated":true}]}}