{"id":4697,"date":"2023-10-03T14:27:43","date_gmt":"2023-10-03T17:27:43","guid":{"rendered":"https:\/\/cidadebaixaonline.com.br\/?p=4697"},"modified":"2023-10-03T14:27:45","modified_gmt":"2023-10-03T17:27:45","slug":"jeronimo-revela-data-de-visita-do-ministro-flavio-dino-a-bahia","status":"publish","type":"post","link":"https:\/\/cidadebaixaonline.com.br\/index.php\/2023\/10\/03\/jeronimo-revela-data-de-visita-do-ministro-flavio-dino-a-bahia\/","title":{"rendered":"Jer\u00f4nimo revela data de visita do ministro Fl\u00e1vio Dino \u00e0 Bahia"},"content":{"rendered":"\n<p>O governador Jer\u00f4nimo Rodrigues (PT) revelou nesta ter\u00e7a-feira, 3, que o ministro Fl\u00e1vio Dino (PSB) vir\u00e1 \u00e0 Bahia na pr\u00f3xima quinta, 5, quando ser\u00e1 realizada uma apresenta\u00e7\u00e3o acerca da integra\u00e7\u00e3o entre as unidades da federa\u00e7\u00e3o, para o combate ao crime organizado no Brasil. A ideia \u00e9 lan\u00e7ar j\u00e1 nesta semana parcerias com estados vizinhos, como Alagoas, Pernambuco e Sergipe.<\/p>\n\n\n\n<p>\u201cN\u00f3s teremos aqui no dia 5, depois de amanh\u00e3, a presen\u00e7a do ministro Fl\u00e1vio Dino, que far\u00e1 uma apresenta\u00e7\u00e3o no que diz respeito ao estado da Bahia. N\u00f3s j\u00e1 discutimos com ele, por exemplo, a\u00e7\u00f5es de defesa da nossa fronteira, o que n\u00f3s vamos fazer de forma conjunta, Pol\u00edcia Militar, Pol\u00edcia Civil, Pol\u00edcia Federal e Pol\u00edcia Rodovi\u00e1ria Federal, fazendo a prote\u00e7\u00e3o da nossa divisa com Pernambuco, de l\u00e1 para c\u00e1 e daqui para l\u00e1. Da mesma forma, com Sergipe e Alagoas\u201d, explicou o governador.<\/p>\n\n\n\n<p>Ainda segundo Jer\u00f4nimo, outros estados vizinhos, como Esp\u00edrito Santo, Goi\u00e1s, Maranh\u00e3o, Minas Gerais e Piau\u00ed tamb\u00e9m devem ser acionados para uma parceria, sob a orienta\u00e7\u00e3o do governo federal, que busca a integra\u00e7\u00e3o atrav\u00e9s do Programa de Enfrentamento ao Crime Organizado (Enfoc), que deve destinar R$ 20 milh\u00f5es para a seguran\u00e7a p\u00fablica na Bahia.<\/p>\n\n\n\n<p>\u201cDepois, a gente pode pegar Minas Gerais e Esp\u00edrito Santo. De repente, fazer um front para segurar, barrar e apreender armas, drogas e criminosos que, por ventura, queiram chegar at\u00e9 a Bahia pelas fronteiras do estado. Ent\u00e3o, essa \u00e9 uma a\u00e7\u00e3o que est\u00e1 estabelecida: Opera\u00e7\u00f5es com recursos, viaturas, armamento e com equipe de tecnologia\u201d, complementou o petista.<\/p>\n\n\n\n<p>A fala de Jer\u00f4nimo ocorreu durante o evento que marcou a entrega da nova liga\u00e7\u00e3o entre a BR-324 e a Estrada do Derba, ainda como parte das interven\u00e7\u00f5es que envolvem a Avenida 29 de Mar\u00e7o e, consequentemente, todo o corredor transversal chamado de \u201cLinha Vermelha\u201d, que liga o Sub\u00farbio Ferrovi\u00e1rio a Piat\u00e3.<\/p>\n\n\n\n<p>Fonte: ATarde <\/p>\n","protected":false},"excerpt":{"rendered":"<p>O governador Jer\u00f4nimo Rodrigues (PT) revelou nesta ter\u00e7a-feira, 3, que o ministro Fl\u00e1vio Dino (PSB) vir\u00e1 \u00e0 Bahia na pr\u00f3xima quinta, 5, quando ser\u00e1 realizada uma apresenta\u00e7\u00e3o acerca da integra\u00e7\u00e3o entre as unidades da federa\u00e7\u00e3o, para o combate ao crime organizado no Brasil. A ideia \u00e9 lan\u00e7ar j\u00e1 nesta semana parcerias com estados vizinhos, como [&hellip;]<\/p>\n","protected":false},"author":2,"featured_media":4698,"comment_status":"open","ping_status":"open","sticky":false,"template":"","format":"standard","meta":{"jnews-multi-image_gallery":[],"jnews_single_post":{"subtitle":"","format":"standard","video":"","gallery":"","source_name":"","source_url":"","via_name":"","via_url":"","override_template":"0","override":[{"template":"1","single_blog_custom":"","parallax":"1","fullscreen":"1","layout":"right-sidebar","sidebar":"default-sidebar","second_sidebar":"default-sidebar","sticky_sidebar":"1","share_position":"top","share_float_style":"share-monocrhome","show_share_counter":"0","show_view_counter":"0","show_featured":"1","show_post_meta":"1","show_post_author":"0","show_post_author_image":"1","show_post_date":"1","post_date_format":"default","post_date_format_custom":"Y\/m\/d","show_post_category":"1","show_post_reading_time":"0","post_reading_time_wpm":"300","show_zoom_button":"0","zoom_button_out_step":"2","zoom_button_in_step":"3","show_post_tag":"1","show_prev_next_post":"1","show_popup_post":"1","number_popup_post":"1","show_author_box":"0","show_post_related":"0","show_inline_post_related":"0"}],"override_image_size":"0","image_override":[{"single_post_thumbnail_size":"no-crop","single_post_gallery_size":"crop-715"}],"trending_post":"0","trending_post_position":"meta","trending_post_label":"Trending","sponsored_post":"0","sponsored_post_label":"Sponsored by","sponsored_post_name":"","sponsored_post_url":"","sponsored_post_logo_enable":"0","sponsored_post_logo":"","sponsored_post_desc":"","disable_ad":"0"},"jnews_primary_category":{"id":"","hide":""},"footnotes":""},"categories":[91],"tags":[],"class_list":["post-4697","post","type-post","status-publish","format-standard","has-post-thumbnail","hentry","category-politica"],"_links":{"self":[{"href":"https:\/\/cidadebaixaonline.com.br\/index.php\/wp-json\/wp\/v2\/posts\/4697","targetHints":{"allow":["GET"]}}],"collection":[{"href":"https:\/\/cidadebaixaonline.com.br\/index.php\/wp-json\/wp\/v2\/posts"}],"about":[{"href":"https:\/\/cidadebaixaonline.com.br\/index.php\/wp-json\/wp\/v2\/types\/post"}],"author":[{"embeddable":true,"href":"https:\/\/cidadebaixaonline.com.br\/index.php\/wp-json\/wp\/v2\/users\/2"}],"replies":[{"embeddable":true,"href":"https:\/\/cidadebaixaonline.com.br\/index.php\/wp-json\/wp\/v2\/comments?post=4697"}],"version-history":[{"count":1,"href":"https:\/\/cidadebaixaonline.com.br\/index.php\/wp-json\/wp\/v2\/posts\/4697\/revisions"}],"predecessor-version":[{"id":4699,"href":"https:\/\/cidadebaixaonline.com.br\/index.php\/wp-json\/wp\/v2\/posts\/4697\/revisions\/4699"}],"wp:featuredmedia":[{"embeddable":true,"href":"https:\/\/cidadebaixaonline.com.br\/index.php\/wp-json\/wp\/v2\/media\/4698"}],"wp:attachment":[{"href":"https:\/\/cidadebaixaonline.com.br\/index.php\/wp-json\/wp\/v2\/media?parent=4697"}],"wp:term":[{"taxonomy":"category","embeddable":true,"href":"https:\/\/cidadebaixaonline.com.br\/index.php\/wp-json\/wp\/v2\/categories?post=4697"},{"taxonomy":"post_tag","embeddable":true,"href":"https:\/\/cidadebaixaonline.com.br\/index.php\/wp-json\/wp\/v2\/tags?post=4697"}],"curies":[{"name":"wp","href":"https:\/\/api.w.org\/{rel}","templated":true}]}}