{"id":4694,"date":"2023-10-03T14:21:21","date_gmt":"2023-10-03T17:21:21","guid":{"rendered":"https:\/\/cidadebaixaonline.com.br\/?p=4694"},"modified":"2023-10-03T14:21:24","modified_gmt":"2023-10-03T17:21:24","slug":"al-ba-aprova-audiencia-publica-para-discutir-impactos-de-torres-na-praia-do-buracao-em-salvador","status":"publish","type":"post","link":"https:\/\/cidadebaixaonline.com.br\/index.php\/2023\/10\/03\/al-ba-aprova-audiencia-publica-para-discutir-impactos-de-torres-na-praia-do-buracao-em-salvador\/","title":{"rendered":"AL-BA aprova audi\u00eancia p\u00fablica para discutir impactos de torres na praia do Burac\u00e3o, em Salvador"},"content":{"rendered":"\n<p>A Comiss\u00e3o de Infraestrutura da Assembleia Legislativa aprovou por unanimidade, nesta ter\u00e7a-feira (3), a realiza\u00e7\u00e3o de uma audi\u00eancia p\u00fablica, para debater os impactos da constru\u00e7\u00e3o de tr\u00eas torres na praia do Burac\u00e3o, no bairro do Rio Vermelho.&nbsp;<\/p>\n\n\n\n<p>A audi\u00eancia foi proposta pelo deputado estadual e pr\u00e9-candidato \u00e0 prefeitura de Salvador, Robinson Almeida (PT).&nbsp;<\/p>\n\n\n\n<p>Os edif\u00edcios teriam 18 andares e, entre os impactos, causariam o sombreamento da praia. A constru\u00e7\u00e3o das torres pela construtora OR \u00e9 alvo de protestos da Associa\u00e7\u00e3o dos Moradores da Rua do Barro Vermelho, de ambientalistas e de frequentadores da praia de Burac\u00e3o.&nbsp;<\/p>\n\n\n\n<p>\u201cFui procurado pela associa\u00e7\u00e3o de moradores e h\u00e1 um projeto de edifica\u00e7\u00e3o de 3 torres, pr\u00f3ximo a praia do Burac\u00e3o causando um sombreamento e com uma repercuss\u00e3o n\u00e3o s\u00f3 aos usu\u00e1rios mas ao pr\u00f3prio ponto tur\u00edstico, com poss\u00edvel impacto ambiental\u201d, afirmou Robinson. \u201cEnt\u00e3o h\u00e1 uma pol\u00eamica sobre essa constru\u00e7\u00e3o desses espig\u00f5es e me solicitaram que a gente fizesse essa audi\u00eancia p\u00fablica para discutir o assunto e ouvir a popula\u00e7\u00e3o, os especialistas e o poder p\u00fablico\u201d, destacou o parlamentar.<\/p>\n\n\n\n<p>A data e hor\u00e1rio da audi\u00eancia p\u00fablica ainda n\u00e3o foram definido.<\/p>\n\n\n\n<p>Fonte: Bahia Not\u00edcias <\/p>\n","protected":false},"excerpt":{"rendered":"<p>A Comiss\u00e3o de Infraestrutura da Assembleia Legislativa aprovou por unanimidade, nesta ter\u00e7a-feira (3), a realiza\u00e7\u00e3o de uma audi\u00eancia p\u00fablica, para debater os impactos da constru\u00e7\u00e3o de tr\u00eas torres na praia do Burac\u00e3o, no bairro do Rio Vermelho.&nbsp; A audi\u00eancia foi proposta pelo deputado estadual e pr\u00e9-candidato \u00e0 prefeitura de Salvador, Robinson Almeida (PT).&nbsp; Os edif\u00edcios [&hellip;]<\/p>\n","protected":false},"author":2,"featured_media":4695,"comment_status":"open","ping_status":"open","sticky":false,"template":"","format":"standard","meta":{"jnews-multi-image_gallery":[],"jnews_single_post":{"subtitle":"","format":"standard","video":"","gallery":"","source_name":"","source_url":"","via_name":"","via_url":"","override_template":"0","override":[{"template":"1","single_blog_custom":"","parallax":"1","fullscreen":"1","layout":"right-sidebar","sidebar":"default-sidebar","second_sidebar":"default-sidebar","sticky_sidebar":"1","share_position":"top","share_float_style":"share-monocrhome","show_share_counter":"0","show_view_counter":"0","show_featured":"1","show_post_meta":"1","show_post_author":"0","show_post_author_image":"1","show_post_date":"1","post_date_format":"default","post_date_format_custom":"Y\/m\/d","show_post_category":"1","show_post_reading_time":"0","post_reading_time_wpm":"300","show_zoom_button":"0","zoom_button_out_step":"2","zoom_button_in_step":"3","show_post_tag":"1","show_prev_next_post":"1","show_popup_post":"1","number_popup_post":"1","show_author_box":"0","show_post_related":"0","show_inline_post_related":"0"}],"override_image_size":"0","image_override":[{"single_post_thumbnail_size":"no-crop","single_post_gallery_size":"crop-715"}],"trending_post":"0","trending_post_position":"meta","trending_post_label":"Trending","sponsored_post":"0","sponsored_post_label":"Sponsored by","sponsored_post_name":"","sponsored_post_url":"","sponsored_post_logo_enable":"0","sponsored_post_logo":"","sponsored_post_desc":"","disable_ad":"0"},"jnews_primary_category":{"id":"","hide":""},"footnotes":""},"categories":[85],"tags":[],"class_list":["post-4694","post","type-post","status-publish","format-standard","has-post-thumbnail","hentry","category-noticias"],"_links":{"self":[{"href":"https:\/\/cidadebaixaonline.com.br\/index.php\/wp-json\/wp\/v2\/posts\/4694","targetHints":{"allow":["GET"]}}],"collection":[{"href":"https:\/\/cidadebaixaonline.com.br\/index.php\/wp-json\/wp\/v2\/posts"}],"about":[{"href":"https:\/\/cidadebaixaonline.com.br\/index.php\/wp-json\/wp\/v2\/types\/post"}],"author":[{"embeddable":true,"href":"https:\/\/cidadebaixaonline.com.br\/index.php\/wp-json\/wp\/v2\/users\/2"}],"replies":[{"embeddable":true,"href":"https:\/\/cidadebaixaonline.com.br\/index.php\/wp-json\/wp\/v2\/comments?post=4694"}],"version-history":[{"count":1,"href":"https:\/\/cidadebaixaonline.com.br\/index.php\/wp-json\/wp\/v2\/posts\/4694\/revisions"}],"predecessor-version":[{"id":4696,"href":"https:\/\/cidadebaixaonline.com.br\/index.php\/wp-json\/wp\/v2\/posts\/4694\/revisions\/4696"}],"wp:featuredmedia":[{"embeddable":true,"href":"https:\/\/cidadebaixaonline.com.br\/index.php\/wp-json\/wp\/v2\/media\/4695"}],"wp:attachment":[{"href":"https:\/\/cidadebaixaonline.com.br\/index.php\/wp-json\/wp\/v2\/media?parent=4694"}],"wp:term":[{"taxonomy":"category","embeddable":true,"href":"https:\/\/cidadebaixaonline.com.br\/index.php\/wp-json\/wp\/v2\/categories?post=4694"},{"taxonomy":"post_tag","embeddable":true,"href":"https:\/\/cidadebaixaonline.com.br\/index.php\/wp-json\/wp\/v2\/tags?post=4694"}],"curies":[{"name":"wp","href":"https:\/\/api.w.org\/{rel}","templated":true}]}}