{"id":4682,"date":"2023-10-03T11:16:26","date_gmt":"2023-10-03T14:16:26","guid":{"rendered":"https:\/\/cidadebaixaonline.com.br\/?p=4682"},"modified":"2023-10-03T11:16:28","modified_gmt":"2023-10-03T14:16:28","slug":"fizemos-para-ela-nao-sobre-ela-diz-sophie-charlotte-em-lancamento-de-meu-nome-e-gal-em-salvador","status":"publish","type":"post","link":"https:\/\/cidadebaixaonline.com.br\/index.php\/2023\/10\/03\/fizemos-para-ela-nao-sobre-ela-diz-sophie-charlotte-em-lancamento-de-meu-nome-e-gal-em-salvador\/","title":{"rendered":"\u201cFizemos para ela, n\u00e3o sobre ela\u201d, diz Sophie Charlotte em lan\u00e7amento de \u201cMeu Nome \u00e9 Gal\u201d em Salvador"},"content":{"rendered":"\n<p>A cinebiografia de Gal Costa foi lan\u00e7ada na noite desta segunda-feira (2) no Cine Glauber Rocha, em Salvador. O tapete vermelho do filme &#8220;Meu Nome \u00e9 Gal&#8221; contou com a presen\u00e7a do elenco e de personalidades baianas. A atriz Sophie Charlotte, que interpreta a cantora no filme, contou ao BN Hall como foi retratar uma das grandes vozes brasileiras nas telonas.<\/p>\n\n\n\n<p>&#8220;Do convite inicial at\u00e9 agora, foram cinco anos. Claro que quando voc\u00ea realiza um projeto para um \u00eddolo pessoal, que \u00e9 o meu caso pela Gal Costa, ganha contornos muito espec\u00edficos porque eu sou f\u00e3 dela. Ent\u00e3o, como dar vida, como entrar em cena e assumir essa honra m\u00e1xima, foi muito especial. Fizemos para ela, n\u00e3o sobre ela, acho que esse \u00e9 o grande diferencial desse filme. \u00c9 uma alegria poder fazer algo para algu\u00e9m, e isso se transforma agora. Desde sua partida, demos um novo sentido porque a Gal tem muitos f\u00e3s e o Brasil ama essa artista t\u00e3o relevante, t\u00e3o eterna&#8221;, destacou a Sophie na entrevista.<\/p>\n\n\n\n<p>Conhecida como Gal Costa, Maria da Gra\u00e7a Costa Penna Burgos faleceu em novembro de 2022, aos 77 anos. Entretanto, o filme apresenta um recorte espec\u00edfico da vida da artista. De acordo com L\u00f4 Politi, uma das diretoras do longa,\u00a0mesmo que fosse um desejo da equipe, n\u00e3o haveria tempo h\u00e1bil para mudan\u00e7as no roteiro original porque\u00a0&#8220;por tratar-se de um filme de fic\u00e7\u00e3o, ele n\u00e3o \u00e9 pass\u00edvel de modifica\u00e7\u00e3o, mesmo diante de um fato t\u00e3o grande quanto esse&#8221;.<\/p>\n\n\n\n<p>O filme narra a jornada da cantora antes de sua ascens\u00e3o como uma figura renomada. Maria, inicialmente uma crian\u00e7a t\u00edmida, tomou a decis\u00e3o de se mudar para o Rio de Janeiro aos 20 anos. L\u00e1, ela encontrou amigos como Caetano Veloso, Maria Beth\u00e2nia, Gilberto Gil e Ded\u00e9 Gadelha, que a apoiaram em seus primeiros passos na carreira musical, no final da d\u00e9cada de 1960.\u00a0<\/p>\n\n\n\n<p>Ao BN Hall, a diretora e atriz Dandara Ferreira relatou que, no in\u00edcio do projeto, n\u00e3o imaginava que viria a interpretar Maria Beth\u00e2nia no longa.<\/p>\n\n\n\n<p>&#8220;Veio de forma muito org\u00e2nica. Est\u00e1vamos atr\u00e1s dessa personagem, est\u00e1vamos com uma dificuldade enorme de achar, n\u00e3o s\u00f3 por causa da caracter\u00edstica f\u00edsica, mas tamb\u00e9m de ter esse mist\u00e9rio e essa coisa que a Beth\u00e2nia tem. Na \u00e9poca da filmagem, t\u00ednhamos todo o elenco, mas n\u00e3o t\u00ednhamos a Beth\u00e2nia. A Chica Carelli, que \u00e9 uma grande atriz daqui do Teatro Vila Velha e professora, chegou um dia no ensaio e perguntou pela Beth\u00e2nia, e eu respondi para ela que n\u00e3o t\u00ednhamos. [Na hora] ela disse que tinha sim, apontando para mim [&#8230;]. Eu achava que eu n\u00e3o teria esse tempo para se preparar, essa dedica\u00e7\u00e3o que um personagem da grandeza da Beth\u00e2nia precisa. [&#8230;] Nos ensaios, eu comecei sendo a Beth\u00e2nia, a\u00ed os dias se passaram e em um momento cheguei em casa e pensei: &#8216;sou eu'&#8221;, celebrou.<\/p>\n\n\n\n<p>Entre as personalidades presentes na noite de pr\u00e9-estreia de &#8220;Meu Nome \u00e9 Gal&#8221;, esteve o ator e humorista Luis Bianco, que interpretou o diretor art\u00edstico Guilherme Ara\u00fajo. &#8220;Ele foi empres\u00e1rio, batizou Gal Costa, foi um pouco pai, foi amigo da m\u00e3e de Gal Costa. Ele foi um dos inventores da Tropic\u00e1lia, um dos inventores, foi quem olhou para aqueles jovens e falou: &#8216;Voc\u00eas s\u00e3o internacionais, o talento de voc\u00eas \u00e9 maior que a Bahia, \u00e9 maior que o Brasil, \u00e9 maior que o mundo inteiro, \u00e9 universal'&#8221;, descreveu.<\/p>\n\n\n\n<p>Fonte: Bahia Not\u00edcias <\/p>\n","protected":false},"excerpt":{"rendered":"<p>A cinebiografia de Gal Costa foi lan\u00e7ada na noite desta segunda-feira (2) no Cine Glauber Rocha, em Salvador. O tapete vermelho do filme &#8220;Meu Nome \u00e9 Gal&#8221; contou com a presen\u00e7a do elenco e de personalidades baianas. A atriz Sophie Charlotte, que interpreta a cantora no filme, contou ao BN Hall como foi retratar uma [&hellip;]<\/p>\n","protected":false},"author":2,"featured_media":4683,"comment_status":"open","ping_status":"open","sticky":false,"template":"","format":"standard","meta":{"jnews-multi-image_gallery":[],"jnews_single_post":{"subtitle":"","format":"standard","video":"","gallery":"","source_name":"","source_url":"","via_name":"","via_url":"","override_template":"0","override":[{"template":"1","single_blog_custom":"","parallax":"1","fullscreen":"1","layout":"right-sidebar","sidebar":"default-sidebar","second_sidebar":"default-sidebar","sticky_sidebar":"1","share_position":"top","share_float_style":"share-monocrhome","show_share_counter":"0","show_view_counter":"0","show_featured":"1","show_post_meta":"1","show_post_author":"0","show_post_author_image":"1","show_post_date":"1","post_date_format":"default","post_date_format_custom":"Y\/m\/d","show_post_category":"1","show_post_reading_time":"0","post_reading_time_wpm":"300","show_zoom_button":"0","zoom_button_out_step":"2","zoom_button_in_step":"3","show_post_tag":"1","show_prev_next_post":"1","show_popup_post":"1","number_popup_post":"1","show_author_box":"0","show_post_related":"0","show_inline_post_related":"0"}],"override_image_size":"0","image_override":[{"single_post_thumbnail_size":"no-crop","single_post_gallery_size":"crop-715"}],"trending_post":"0","trending_post_position":"meta","trending_post_label":"Trending","sponsored_post":"0","sponsored_post_label":"Sponsored by","sponsored_post_name":"","sponsored_post_url":"","sponsored_post_logo_enable":"0","sponsored_post_logo":"","sponsored_post_desc":"","disable_ad":"0"},"jnews_primary_category":{"id":"","hide":""},"footnotes":""},"categories":[85],"tags":[],"class_list":["post-4682","post","type-post","status-publish","format-standard","has-post-thumbnail","hentry","category-noticias"],"_links":{"self":[{"href":"https:\/\/cidadebaixaonline.com.br\/index.php\/wp-json\/wp\/v2\/posts\/4682","targetHints":{"allow":["GET"]}}],"collection":[{"href":"https:\/\/cidadebaixaonline.com.br\/index.php\/wp-json\/wp\/v2\/posts"}],"about":[{"href":"https:\/\/cidadebaixaonline.com.br\/index.php\/wp-json\/wp\/v2\/types\/post"}],"author":[{"embeddable":true,"href":"https:\/\/cidadebaixaonline.com.br\/index.php\/wp-json\/wp\/v2\/users\/2"}],"replies":[{"embeddable":true,"href":"https:\/\/cidadebaixaonline.com.br\/index.php\/wp-json\/wp\/v2\/comments?post=4682"}],"version-history":[{"count":1,"href":"https:\/\/cidadebaixaonline.com.br\/index.php\/wp-json\/wp\/v2\/posts\/4682\/revisions"}],"predecessor-version":[{"id":4684,"href":"https:\/\/cidadebaixaonline.com.br\/index.php\/wp-json\/wp\/v2\/posts\/4682\/revisions\/4684"}],"wp:featuredmedia":[{"embeddable":true,"href":"https:\/\/cidadebaixaonline.com.br\/index.php\/wp-json\/wp\/v2\/media\/4683"}],"wp:attachment":[{"href":"https:\/\/cidadebaixaonline.com.br\/index.php\/wp-json\/wp\/v2\/media?parent=4682"}],"wp:term":[{"taxonomy":"category","embeddable":true,"href":"https:\/\/cidadebaixaonline.com.br\/index.php\/wp-json\/wp\/v2\/categories?post=4682"},{"taxonomy":"post_tag","embeddable":true,"href":"https:\/\/cidadebaixaonline.com.br\/index.php\/wp-json\/wp\/v2\/tags?post=4682"}],"curies":[{"name":"wp","href":"https:\/\/api.w.org\/{rel}","templated":true}]}}