{"id":4586,"date":"2023-09-29T11:37:58","date_gmt":"2023-09-29T14:37:58","guid":{"rendered":"https:\/\/cidadebaixaonline.com.br\/?p=4586"},"modified":"2023-09-29T11:38:00","modified_gmt":"2023-09-29T14:38:00","slug":"lula-ja-definiu-nome-para-o-stf-e-duvida-agora-e-outra-confirma-colunista","status":"publish","type":"post","link":"https:\/\/cidadebaixaonline.com.br\/index.php\/2023\/09\/29\/lula-ja-definiu-nome-para-o-stf-e-duvida-agora-e-outra-confirma-colunista\/","title":{"rendered":"Lula j\u00e1 definiu nome para o STF e d\u00favida agora \u00e9 outra, confirma colunista"},"content":{"rendered":"\n<p>O presidente Luiz In\u00e1cio Lula da Silva (PT) j\u00e1 bateu o martelo sobre quem vai ocupar a cadeira deixada por Rosa Weber no Supremo Tribunal Federal (STF). De acordo com a coluna de Malu Gaspar, do O Globo, quem participou das conversas do petista a portas fechadas em Bras\u00edlia nos \u00faltimos dias, saiu com a convic\u00e7\u00e3o de que o presidente n\u00e3o tem mais d\u00favidas sobre a indica\u00e7\u00e3o.&nbsp;<\/p>\n\n\n\n<p>Conforme a publica\u00e7\u00e3o, Lula sinalizou aos interlocutores que est\u00e1 decidido a indicar o ministro da Justi\u00e7a e Seguran\u00e7a P\u00fablica, Fl\u00e1vio Dino. A interroga\u00e7\u00e3o agora \u00e9 sobre quem assumir\u00e1 o lugar de Dino no minist\u00e9rio.&nbsp;<\/p>\n\n\n\n<p>O cen\u00e1rio ideal para o presidente \u00e9 anunciar a indica\u00e7\u00e3o de Fl\u00e1vio Dino junto com o nome do seu substituto. A\u00a0aposentadoria de Rosa Weber\u00a0come\u00e7a a valer a partir deste s\u00e1bado (30).\u00a0<\/p>\n\n\n\n<p>O advogado-geral da Uni\u00e3o, Jorge Messias, seria o seu favorito para o posto. No entanto, nos \u00faltimos dias Messias tem dito nos bastidores que n\u00e3o quer a cadeira de ministro da Justi\u00e7a e que continua na corrida pelo STF. De acordo com a coluna, ele chegou a dizer a aliados que caso n\u00e3o seja indicado para o Supremo, n\u00e3o aceitaria o minist\u00e9rio e ficaria na AGU.&nbsp;<\/p>\n\n\n\n<p>Segundo a colunista, Lula recebeu o recado e compreendeu que ter\u00e1 que fazer um agrado ao subordinado, para ele n\u00e3o se sentir preterido. Por\u00e9m, nem ele nem ningu\u00e9m em Bras\u00edlia acredita que Messias recusaria mesmo um convite para um minist\u00e9rio t\u00e3o importante.&nbsp;<\/p>\n\n\n\n<p>O arranjo idealizado teria ainda a vantagem de abrir espa\u00e7o para o presidente da Rep\u00fablica nomear uma mulher negra para a AGU, a assessora especial de Diversidade e Inclus\u00e3o do \u00f3rg\u00e3o, Claudia Trindade. O movimento seria uma esp\u00e9cie de \u201cpr\u00eamio de consola\u00e7\u00e3o\u201d \u00e0 sua base pol\u00edtica diante das cobran\u00e7as para a indica\u00e7\u00e3o de uma mulher para o STF.&nbsp;<\/p>\n\n\n\n<p>Caso o desenho se confirme, Messias vai passar na frente de v\u00e1rios auxiliares de Dino que j\u00e1 disputam h\u00e1 dias a oportunidade de substitu\u00ed-lo no Minist\u00e9rio da Justi\u00e7a. Um deles \u00e9 o secret\u00e1rio nacional de Justi\u00e7a, Augusto de Arruda Botelho. Outro \u00e9 o secret\u00e1rio-executivo, Ricardo Cappelli, que tamb\u00e9m torce pelo desmembramento da pasta \u2013 se isso ocorrer, acredita que poderia cuidar da \u00e1rea da seguran\u00e7a p\u00fablica. Outro nome lembrado nos bastidores \u00e9 o do advogado Marco Aur\u00e9lio de Carvalho, coordenador do grupo Prerrogativas, influente grupo de advogados pr\u00f3ximo a Lula e o PT.<\/p>\n\n\n\n<p>Por fora, na disputa pelo STF est\u00e1 o presidente do Tribunal de Contas da Uni\u00e3o (TCU), Bruno Dantas, que conta com o apoio de Arthur Lira e Rodrigo Pacheco.<\/p>\n\n\n\n<p>Fonte: Bahia Not\u00edcias <\/p>\n","protected":false},"excerpt":{"rendered":"<p>O presidente Luiz In\u00e1cio Lula da Silva (PT) j\u00e1 bateu o martelo sobre quem vai ocupar a cadeira deixada por Rosa Weber no Supremo Tribunal Federal (STF). De acordo com a coluna de Malu Gaspar, do O Globo, quem participou das conversas do petista a portas fechadas em Bras\u00edlia nos \u00faltimos dias, saiu com a [&hellip;]<\/p>\n","protected":false},"author":2,"featured_media":4587,"comment_status":"open","ping_status":"open","sticky":false,"template":"","format":"standard","meta":{"jnews-multi-image_gallery":[],"jnews_single_post":{"subtitle":"","format":"standard","video":"","gallery":"","source_name":"","source_url":"","via_name":"","via_url":"","override_template":"0","override":[{"template":"1","single_blog_custom":"","parallax":"1","fullscreen":"1","layout":"right-sidebar","sidebar":"default-sidebar","second_sidebar":"default-sidebar","sticky_sidebar":"1","share_position":"top","share_float_style":"share-monocrhome","show_share_counter":"0","show_view_counter":"0","show_featured":"1","show_post_meta":"1","show_post_author":"0","show_post_author_image":"1","show_post_date":"1","post_date_format":"default","post_date_format_custom":"Y\/m\/d","show_post_category":"1","show_post_reading_time":"0","post_reading_time_wpm":"300","show_zoom_button":"0","zoom_button_out_step":"2","zoom_button_in_step":"3","show_post_tag":"1","show_prev_next_post":"1","show_popup_post":"1","number_popup_post":"1","show_author_box":"0","show_post_related":"0","show_inline_post_related":"0"}],"override_image_size":"0","image_override":[{"single_post_thumbnail_size":"no-crop","single_post_gallery_size":"crop-715"}],"trending_post":"0","trending_post_position":"meta","trending_post_label":"Trending","sponsored_post":"0","sponsored_post_label":"Sponsored by","sponsored_post_name":"","sponsored_post_url":"","sponsored_post_logo_enable":"0","sponsored_post_logo":"","sponsored_post_desc":"","disable_ad":"0"},"jnews_primary_category":{"id":"","hide":""},"footnotes":""},"categories":[85],"tags":[],"class_list":["post-4586","post","type-post","status-publish","format-standard","has-post-thumbnail","hentry","category-noticias"],"_links":{"self":[{"href":"https:\/\/cidadebaixaonline.com.br\/index.php\/wp-json\/wp\/v2\/posts\/4586","targetHints":{"allow":["GET"]}}],"collection":[{"href":"https:\/\/cidadebaixaonline.com.br\/index.php\/wp-json\/wp\/v2\/posts"}],"about":[{"href":"https:\/\/cidadebaixaonline.com.br\/index.php\/wp-json\/wp\/v2\/types\/post"}],"author":[{"embeddable":true,"href":"https:\/\/cidadebaixaonline.com.br\/index.php\/wp-json\/wp\/v2\/users\/2"}],"replies":[{"embeddable":true,"href":"https:\/\/cidadebaixaonline.com.br\/index.php\/wp-json\/wp\/v2\/comments?post=4586"}],"version-history":[{"count":1,"href":"https:\/\/cidadebaixaonline.com.br\/index.php\/wp-json\/wp\/v2\/posts\/4586\/revisions"}],"predecessor-version":[{"id":4588,"href":"https:\/\/cidadebaixaonline.com.br\/index.php\/wp-json\/wp\/v2\/posts\/4586\/revisions\/4588"}],"wp:featuredmedia":[{"embeddable":true,"href":"https:\/\/cidadebaixaonline.com.br\/index.php\/wp-json\/wp\/v2\/media\/4587"}],"wp:attachment":[{"href":"https:\/\/cidadebaixaonline.com.br\/index.php\/wp-json\/wp\/v2\/media?parent=4586"}],"wp:term":[{"taxonomy":"category","embeddable":true,"href":"https:\/\/cidadebaixaonline.com.br\/index.php\/wp-json\/wp\/v2\/categories?post=4586"},{"taxonomy":"post_tag","embeddable":true,"href":"https:\/\/cidadebaixaonline.com.br\/index.php\/wp-json\/wp\/v2\/tags?post=4586"}],"curies":[{"name":"wp","href":"https:\/\/api.w.org\/{rel}","templated":true}]}}