{"id":4555,"date":"2023-09-28T16:11:37","date_gmt":"2023-09-28T19:11:37","guid":{"rendered":"https:\/\/cidadebaixaonline.com.br\/?p=4555"},"modified":"2023-09-28T16:11:39","modified_gmt":"2023-09-28T19:11:39","slug":"crianca-desaparecida-e-encontrada-morto-embaixo-da-cama-do-irmao","status":"publish","type":"post","link":"https:\/\/cidadebaixaonline.com.br\/index.php\/2023\/09\/28\/crianca-desaparecida-e-encontrada-morto-embaixo-da-cama-do-irmao\/","title":{"rendered":"Crian\u00e7a desaparecida \u00e9 encontrada morto embaixo da cama do irm\u00e3o"},"content":{"rendered":"\n<p>O garoto desparecido de 7 anos desde da manh\u00e3 desta ter\u00e7a-feira (26), foi encontrado morto dentro de casa onde ele morava com a familia.&nbsp;<\/p>\n\n\n\n<p>Segundo informa\u00e7\u00f5es, Caio Fran\u00e7a de \u00c2lcantara foi encontrado debaixo da cama do irm\u00e3o, de 19 anos, que \u00e9 o principal suspeito de ter cometido o crime.&nbsp;<\/p>\n\n\n\n<p>Segundo a m\u00e3e do garoto, Juliana de Fran\u00e7a, ela saiu para trabalhar pela manh\u00e3 e deixou o menino sob os cuidados do irm\u00e3o mais velho, ao retornar ela n\u00e3o achou o garoto e saiu para procura-lo. Juliana disse que, na manh\u00e3 desta ter\u00e7a-feira, Caio pediu para que ela o levasse para o trabalho com ela.&nbsp;<\/p>\n\n\n\n<p>Quando o pai do menino chegou em casa, pouco depois de Juliana ter saido para procurar o menino, ele n\u00e3o encontrou Caio e achou que o filho tinha saido.<\/p>\n\n\n\n<p>Segundo a Record TV, o irm\u00e3o mais velho ainda impediu os pais de procurar o menino em seu quarto.<\/p>\n\n\n\n<p>Ent\u00e3o, Os pais registraram um boletim de ocorr\u00eancia pelo desaparecimento ap\u00f3s n\u00e3o encontrarem o menino, que \u00e9 autista, em casa.<\/p>\n\n\n\n<p>A pol\u00edcia teve acesso \u00e0s c\u00e2meras de monitoramento da rua e constatou que Caio n\u00e3o saiu de casa. Durante as buscas, a Pol\u00edcia Civil encontrou o corpo do menino dentro do quarto do irm\u00e3o, debaixo da cama.<\/p>\n\n\n\n<p>Os investigadores tamb\u00e9m encontraram um caderno com planos que levaram a pol\u00edcia a apontar o rapaz como o principal suspeito do crime. Uma equipe de per\u00edcia foi encaminhada ao local para investigar a causa da morte do menino.<\/p>\n\n\n\n<p>Vizinhos contaram \u00e0 Record TV que o irm\u00e3o mais velho teria planejado fazer um massacre em uma escola da regi\u00e3o em 2019 e que ele faz uso de medica\u00e7\u00e3o controlada.<\/p>\n\n\n\n<p>Fonte: Varela Net <\/p>\n","protected":false},"excerpt":{"rendered":"<p>O garoto desparecido de 7 anos desde da manh\u00e3 desta ter\u00e7a-feira (26), foi encontrado morto dentro de casa onde ele morava com a familia.&nbsp; Segundo informa\u00e7\u00f5es, Caio Fran\u00e7a de \u00c2lcantara foi encontrado debaixo da cama do irm\u00e3o, de 19 anos, que \u00e9 o principal suspeito de ter cometido o crime.&nbsp; Segundo a m\u00e3e do garoto, [&hellip;]<\/p>\n","protected":false},"author":2,"featured_media":4556,"comment_status":"open","ping_status":"open","sticky":false,"template":"","format":"standard","meta":{"jnews-multi-image_gallery":[],"jnews_single_post":{"subtitle":"","format":"standard","video":"","gallery":"","source_name":"","source_url":"","via_name":"","via_url":"","override_template":"0","override":[{"template":"1","single_blog_custom":"","parallax":"1","fullscreen":"1","layout":"right-sidebar","sidebar":"default-sidebar","second_sidebar":"default-sidebar","sticky_sidebar":"1","share_position":"top","share_float_style":"share-monocrhome","show_share_counter":"0","show_view_counter":"0","show_featured":"1","show_post_meta":"1","show_post_author":"0","show_post_author_image":"1","show_post_date":"1","post_date_format":"default","post_date_format_custom":"Y\/m\/d","show_post_category":"1","show_post_reading_time":"0","post_reading_time_wpm":"300","show_zoom_button":"0","zoom_button_out_step":"2","zoom_button_in_step":"3","show_post_tag":"1","show_prev_next_post":"1","show_popup_post":"1","number_popup_post":"1","show_author_box":"0","show_post_related":"0","show_inline_post_related":"0"}],"override_image_size":"0","image_override":[{"single_post_thumbnail_size":"no-crop","single_post_gallery_size":"crop-715"}],"trending_post":"0","trending_post_position":"meta","trending_post_label":"Trending","sponsored_post":"0","sponsored_post_label":"Sponsored by","sponsored_post_name":"","sponsored_post_url":"","sponsored_post_logo_enable":"0","sponsored_post_logo":"","sponsored_post_desc":"","disable_ad":"0"},"jnews_primary_category":{"id":"","hide":""},"footnotes":""},"categories":[105],"tags":[],"class_list":["post-4555","post","type-post","status-publish","format-standard","has-post-thumbnail","hentry","category-policia"],"_links":{"self":[{"href":"https:\/\/cidadebaixaonline.com.br\/index.php\/wp-json\/wp\/v2\/posts\/4555","targetHints":{"allow":["GET"]}}],"collection":[{"href":"https:\/\/cidadebaixaonline.com.br\/index.php\/wp-json\/wp\/v2\/posts"}],"about":[{"href":"https:\/\/cidadebaixaonline.com.br\/index.php\/wp-json\/wp\/v2\/types\/post"}],"author":[{"embeddable":true,"href":"https:\/\/cidadebaixaonline.com.br\/index.php\/wp-json\/wp\/v2\/users\/2"}],"replies":[{"embeddable":true,"href":"https:\/\/cidadebaixaonline.com.br\/index.php\/wp-json\/wp\/v2\/comments?post=4555"}],"version-history":[{"count":1,"href":"https:\/\/cidadebaixaonline.com.br\/index.php\/wp-json\/wp\/v2\/posts\/4555\/revisions"}],"predecessor-version":[{"id":4557,"href":"https:\/\/cidadebaixaonline.com.br\/index.php\/wp-json\/wp\/v2\/posts\/4555\/revisions\/4557"}],"wp:featuredmedia":[{"embeddable":true,"href":"https:\/\/cidadebaixaonline.com.br\/index.php\/wp-json\/wp\/v2\/media\/4556"}],"wp:attachment":[{"href":"https:\/\/cidadebaixaonline.com.br\/index.php\/wp-json\/wp\/v2\/media?parent=4555"}],"wp:term":[{"taxonomy":"category","embeddable":true,"href":"https:\/\/cidadebaixaonline.com.br\/index.php\/wp-json\/wp\/v2\/categories?post=4555"},{"taxonomy":"post_tag","embeddable":true,"href":"https:\/\/cidadebaixaonline.com.br\/index.php\/wp-json\/wp\/v2\/tags?post=4555"}],"curies":[{"name":"wp","href":"https:\/\/api.w.org\/{rel}","templated":true}]}}