{"id":4512,"date":"2023-09-28T11:20:05","date_gmt":"2023-09-28T14:20:05","guid":{"rendered":"https:\/\/cidadebaixaonline.com.br\/?p=4512"},"modified":"2023-09-28T11:20:07","modified_gmt":"2023-09-28T14:20:07","slug":"suspeito-de-matar-companheira-a-facadas-e-preso-em-salvador","status":"publish","type":"post","link":"https:\/\/cidadebaixaonline.com.br\/index.php\/2023\/09\/28\/suspeito-de-matar-companheira-a-facadas-e-preso-em-salvador\/","title":{"rendered":"Suspeito de matar companheira a facadas \u00e9 preso em Salvador"},"content":{"rendered":"\n<p>Um homem de 36 anos, principal suspeito de\u00a0matar Raquel da Silva Almeida a facadas, de 34, foi preso na manh\u00e3 desta quinta-feira (28). Equipes da Pol\u00edcia Civil cumpriram o mandado de pris\u00e3o preventiva expedido na \u00faltima quarta pelo 2\u00ba Ju\u00edzo da 1\u00aa Vara do Tribunal do J\u00fari de Salvador, a pedido da Pol\u00edcia Civil da Bahia.<\/p>\n\n\n\n<p>Desde que tomou conhecimento do crime, ocorrido no domingo (24), no bairro de Massaranduba, as equipes do DHPP diligenciaram para identificar o autor e localiz\u00e1-lo. Ele se apresentou no dia seguinte na sede do departamento, com seu advogado, e foi\u00a0ouvido e liberado, por n\u00e3o haver os elementos legais cab\u00edveis para o flagrante.<\/p>\n\n\n\n<p>O suspeito passar\u00e1 por exames de les\u00f5es corporais de praxe e ficar\u00e1 \u00e0 disposi\u00e7\u00e3o do Poder Judici\u00e1rio, aguardando encaminhamento para o sistema prisional.<\/p>\n\n\n\n<p>Fonte: Bahia Not\u00edcias <\/p>\n\n\n\n<p><\/p>\n","protected":false},"excerpt":{"rendered":"<p>Um homem de 36 anos, principal suspeito de\u00a0matar Raquel da Silva Almeida a facadas, de 34, foi preso na manh\u00e3 desta quinta-feira (28). Equipes da Pol\u00edcia Civil cumpriram o mandado de pris\u00e3o preventiva expedido na \u00faltima quarta pelo 2\u00ba Ju\u00edzo da 1\u00aa Vara do Tribunal do J\u00fari de Salvador, a pedido da Pol\u00edcia Civil da [&hellip;]<\/p>\n","protected":false},"author":2,"featured_media":4513,"comment_status":"open","ping_status":"open","sticky":false,"template":"","format":"standard","meta":{"jnews-multi-image_gallery":[],"jnews_single_post":{"subtitle":"","format":"standard","video":"","gallery":"","source_name":"","source_url":"","via_name":"","via_url":"","override_template":"0","override":[{"template":"1","single_blog_custom":"","parallax":"1","fullscreen":"1","layout":"right-sidebar","sidebar":"default-sidebar","second_sidebar":"default-sidebar","sticky_sidebar":"1","share_position":"top","share_float_style":"share-monocrhome","show_share_counter":"0","show_view_counter":"0","show_featured":"1","show_post_meta":"1","show_post_author":"0","show_post_author_image":"1","show_post_date":"1","post_date_format":"default","post_date_format_custom":"Y\/m\/d","show_post_category":"1","show_post_reading_time":"0","post_reading_time_wpm":"300","show_zoom_button":"0","zoom_button_out_step":"2","zoom_button_in_step":"3","show_post_tag":"1","show_prev_next_post":"1","show_popup_post":"1","number_popup_post":"1","show_author_box":"0","show_post_related":"0","show_inline_post_related":"0"}],"override_image_size":"0","image_override":[{"single_post_thumbnail_size":"no-crop","single_post_gallery_size":"crop-715"}],"trending_post":"0","trending_post_position":"meta","trending_post_label":"Trending","sponsored_post":"0","sponsored_post_label":"Sponsored by","sponsored_post_name":"","sponsored_post_url":"","sponsored_post_logo_enable":"0","sponsored_post_logo":"","sponsored_post_desc":"","disable_ad":"0"},"jnews_primary_category":{"id":"","hide":""},"footnotes":""},"categories":[105],"tags":[],"class_list":["post-4512","post","type-post","status-publish","format-standard","has-post-thumbnail","hentry","category-policia"],"_links":{"self":[{"href":"https:\/\/cidadebaixaonline.com.br\/index.php\/wp-json\/wp\/v2\/posts\/4512","targetHints":{"allow":["GET"]}}],"collection":[{"href":"https:\/\/cidadebaixaonline.com.br\/index.php\/wp-json\/wp\/v2\/posts"}],"about":[{"href":"https:\/\/cidadebaixaonline.com.br\/index.php\/wp-json\/wp\/v2\/types\/post"}],"author":[{"embeddable":true,"href":"https:\/\/cidadebaixaonline.com.br\/index.php\/wp-json\/wp\/v2\/users\/2"}],"replies":[{"embeddable":true,"href":"https:\/\/cidadebaixaonline.com.br\/index.php\/wp-json\/wp\/v2\/comments?post=4512"}],"version-history":[{"count":1,"href":"https:\/\/cidadebaixaonline.com.br\/index.php\/wp-json\/wp\/v2\/posts\/4512\/revisions"}],"predecessor-version":[{"id":4514,"href":"https:\/\/cidadebaixaonline.com.br\/index.php\/wp-json\/wp\/v2\/posts\/4512\/revisions\/4514"}],"wp:featuredmedia":[{"embeddable":true,"href":"https:\/\/cidadebaixaonline.com.br\/index.php\/wp-json\/wp\/v2\/media\/4513"}],"wp:attachment":[{"href":"https:\/\/cidadebaixaonline.com.br\/index.php\/wp-json\/wp\/v2\/media?parent=4512"}],"wp:term":[{"taxonomy":"category","embeddable":true,"href":"https:\/\/cidadebaixaonline.com.br\/index.php\/wp-json\/wp\/v2\/categories?post=4512"},{"taxonomy":"post_tag","embeddable":true,"href":"https:\/\/cidadebaixaonline.com.br\/index.php\/wp-json\/wp\/v2\/tags?post=4512"}],"curies":[{"name":"wp","href":"https:\/\/api.w.org\/{rel}","templated":true}]}}