{"id":4509,"date":"2023-09-28T11:05:05","date_gmt":"2023-09-28T14:05:05","guid":{"rendered":"https:\/\/cidadebaixaonline.com.br\/?p=4509"},"modified":"2023-09-28T11:05:08","modified_gmt":"2023-09-28T14:05:08","slug":"programa-de-saude-ocular-promove-dia-d-nesta-quinta-feira-em-itapua","status":"publish","type":"post","link":"https:\/\/cidadebaixaonline.com.br\/index.php\/2023\/09\/28\/programa-de-saude-ocular-promove-dia-d-nesta-quinta-feira-em-itapua\/","title":{"rendered":"Programa de sa\u00fade ocular promove Dia D nesta quinta-feira em Itapu\u00e3"},"content":{"rendered":"\n<p>O programa de sa\u00fade ocular, \u201cSa\u00fade dos Olhos\u201d, promove nesta quinta-feira (28), o Dia D da segunda etapa do projeto. A a\u00e7\u00e3o realizada pela Secretaria Municipal da Sa\u00fade em parceria&nbsp; com as Prefeituras-bairros, tem o objetivo de ampliar o acesso aos servi\u00e7os de oftalmologia, para aumentar a preven\u00e7\u00e3o e o tratamento de condi\u00e7\u00f5es cl\u00ednicas que atingem a vis\u00e3o.&nbsp;<\/p>\n\n\n\n<p>A abertura da iniciativa acontecer\u00e1 \u00e0s 11 horas na Prefeitura-bairro Itapu\u00e3, na Av. Dorival Caymmi, quando a vice-prefeita de Salvador e secret\u00e1ria municipal da Sa\u00fade, Ana Paula Matos, far\u00e1 o detalhamento da nova fase da estrat\u00e9gia. Estar\u00e1 presente tamb\u00e9m o secret\u00e1rio de Articula\u00e7\u00e3o Comunit\u00e1ria e Prefeituras-Bairro, Luciano Sandes.<\/p>\n\n\n\n<p>\u201cEstamos nesta segunda fase do Sa\u00fade dos Olhos com mais vagas e oportunidades para que as pessoas, atrav\u00e9s da preven\u00e7\u00e3o, possam cuidar desse \u00f3rg\u00e3o t\u00e3o importante e evitem complica\u00e7\u00f5es que podem levar a perda da vis\u00e3o. Com mais de 80 profissionais envolvidos, ampliamos o atendimento para facilitar o acesso e diminuir o tempo de espera por consultas, exames e procedimentos, pois sabemos que quanto mais r\u00e1pido resolvermos essas quest\u00f5es, maior \u00e9 a chance de proporcionar uma vida de qualidade para nossa popula\u00e7\u00e3o\u201d, destacou a vice-prefeita e secret\u00e1ria municipal da sa\u00fade da capital baiana, Ana Paula Matos.<\/p>\n\n\n\n<p>A mobiliza\u00e7\u00e3o envolve oito sedes administrativas da Prefeitura localizadas nos bairros de Itapu\u00e3, Pau da Lima, Cajazeiras, Val\u00e9ria, Sub\u00farbio, Cidade Baixa, Liberdade e Cabula; bem como acontecer\u00e1 nos bairros de Itapu\u00e3 e Tancredo Neves, atrav\u00e9s do programa Sa\u00fade nos Bairros. Para ter acesso ao servi\u00e7o, o paciente precisa residir em Salvador e possuir guia de solicita\u00e7\u00e3o de consulta com oftalmologista ou comprovante de cadastro na fila de espera realizado atrav\u00e9s das Unidades B\u00e1sicas de Sa\u00fade (UBS).<\/p>\n\n\n\n<p>&#8220;Os atendimentos de sa\u00fade representam cerca de 55% da demanda total das Prefeituras-Bairro. Por isso, trazer o &#8216;Sa\u00fade dos Olhos&#8217; para dentro das nossas unidades tem uma grande import\u00e2ncia. \u00c9 uma maneira de tornar o atendimento ainda mais eficiente. Essa parceria com a SMS se mostra muito frut\u00edfera e vamos promover novos mutir\u00f5es&#8221;, afirma Luciano Sandes, secret\u00e1rio de Articula\u00e7\u00e3o Comunit\u00e1ria e Prefeituras-Bairro.<\/p>\n\n\n\n<p>Para a segunda fase do Sa\u00fade dos Olhos foram disponibilizadas 9 mil vagas de consultas especializadas, n\u00famero seis vezes maior do que o ofertado no lan\u00e7amento do programa, em junho. Apenas no Dia D, em 17 de junho, 13 prestadores contratualizados executaram, juntos, cerca de 1.500 consultas e exames oftalmol\u00f3gicos num \u00fanico dia, al\u00e9m de encaminhamentos para tratamentos cir\u00fargicos e para matr\u00edcula para tratamento de glaucoma. Nesta primeira fase, 15 mil pessoas constavam na fila de espera da SMS. Hoje esse n\u00famero \u00e9 de 4 mil pessoas, uma redu\u00e7\u00e3o de cerca de 63% da demanda.<\/p>\n\n\n\n<p>ALERTA<\/p>\n\n\n\n<p>Atrav\u00e9s do programa Sa\u00fade dos Olhos, a Secretaria Municipal da Sa\u00fade visa tamb\u00e9m chamar aten\u00e7\u00e3o da popula\u00e7\u00e3o para a import\u00e2ncia da cultura da preven\u00e7\u00e3o. Isso porque, a maior parte do p\u00fablico s\u00f3 procura por aux\u00edlio m\u00e9dico ou especializado quando o problema j\u00e1 est\u00e1 em desenvolvimento ou em estado grave. Da\u00ed a import\u00e2ncia de se fazer um check-up sempre que poss\u00edvel, prevenindo e tamb\u00e9m detectando doen\u00e7as silenciosas que quando n\u00e3o detectadas precocemente, s\u00e3o muito perigosas \u00e0 vis\u00e3o.<\/p>\n\n\n\n<p>Muitas patologias sist\u00eamicas podem causar problemas de vis\u00e3o. Pessoas diab\u00e9ticas ou com doen\u00e7as autoimunes, por exemplo, precisam consultar um oftalmologista regularmente porque, em longo prazo, essas doen\u00e7as podem causar catarata, retinopatia diab\u00e9tica ou s\u00edndrome dos olhos secos. E o inverso tamb\u00e9m pode acontecer: algumas patologias podem ser descobertas durante um exame de olhos. Por isso, a SMS alerta que mesmo que n\u00e3o exista problema de vista aparente, o recomendado \u00e9 ir ao oftalmologista uma vez por ano.<\/p>\n\n\n\n<p>Dados da Organiza\u00e7\u00e3o Mundial da Sa\u00fade (OMS) estimam que, atualmente, cerca de 285 milh\u00f5es de pessoas no mundo t\u00eam a vis\u00e3o prejudicada, sendo que a maioria dos casos poderiam ser evitados \u2013 entre 60% e 80% \u2013 ou disp\u00f5em de tratamento. No Brasil, o \u00faltimo Censo Demogr\u00e1fico (IBGE 2010) identificou mais de 35 milh\u00f5es de pessoas com algum grau de dificuldade visual. As doen\u00e7as oftalmol\u00f3gicas podem ocorrer por diversos motivos, desde causas gen\u00e9ticas at\u00e9 h\u00e1bitos de vida. Algumas enfermidades, a m\u00e9dio e longo prazo, podem acarretar problemas na vis\u00e3o e, em diagn\u00f3sticos mais graves, at\u00e9 levar \u00e0 cegueira.<\/p>\n\n\n\n<p>SERVI\u00c7O<\/p>\n\n\n\n<p>O qu\u00ea: Dia D da segunda etapa do Sa\u00fade dos Olhos (marca\u00e7\u00e3o de consultas oftalmol\u00f3gicas)<\/p>\n\n\n\n<p>Quando: 28 de setembro de 2023<\/p>\n\n\n\n<p>Hor\u00e1rio: 11 horas na Prefeitura-bairro Itapu\u00e3<\/p>\n\n\n\n<p>Documentos: Documento de identifica\u00e7\u00e3o pessoal, cart\u00e3o sus de Salvador, requisi\u00e7\u00e3o ou comprovante de cadastro da fila \u00fanica<\/p>\n\n\n\n<p>Locais de atendimento: Prefeituras-bairros (08): Itapu\u00e3, Pau da Lima, Cajazeiras, Val\u00e9ria, Sub\u00farbio, Cidade Baixa, Liberdade e Cabula e tamb\u00e9m nos bairros onde estar\u00e3o funcionando o programa Sa\u00fade nos Bairros, nos bairros de Tancredo Neves e Itapu\u00e3.<\/p>\n\n\n\n<p>Fonte: Bahia Not\u00edcias <\/p>\n","protected":false},"excerpt":{"rendered":"<p>O programa de sa\u00fade ocular, \u201cSa\u00fade dos Olhos\u201d, promove nesta quinta-feira (28), o Dia D da segunda etapa do projeto. A a\u00e7\u00e3o realizada pela Secretaria Municipal da Sa\u00fade em parceria&nbsp; com as Prefeituras-bairros, tem o objetivo de ampliar o acesso aos servi\u00e7os de oftalmologia, para aumentar a preven\u00e7\u00e3o e o tratamento de condi\u00e7\u00f5es cl\u00ednicas que [&hellip;]<\/p>\n","protected":false},"author":2,"featured_media":4510,"comment_status":"open","ping_status":"open","sticky":false,"template":"","format":"standard","meta":{"jnews-multi-image_gallery":[],"jnews_single_post":{"subtitle":"","format":"standard","video":"","gallery":"","source_name":"","source_url":"","via_name":"","via_url":"","override_template":"0","override":[{"template":"1","single_blog_custom":"","parallax":"1","fullscreen":"1","layout":"right-sidebar","sidebar":"default-sidebar","second_sidebar":"default-sidebar","sticky_sidebar":"1","share_position":"top","share_float_style":"share-monocrhome","show_share_counter":"0","show_view_counter":"0","show_featured":"1","show_post_meta":"1","show_post_author":"0","show_post_author_image":"1","show_post_date":"1","post_date_format":"default","post_date_format_custom":"Y\/m\/d","show_post_category":"1","show_post_reading_time":"0","post_reading_time_wpm":"300","show_zoom_button":"0","zoom_button_out_step":"2","zoom_button_in_step":"3","show_post_tag":"1","show_prev_next_post":"1","show_popup_post":"1","number_popup_post":"1","show_author_box":"0","show_post_related":"0","show_inline_post_related":"0"}],"override_image_size":"0","image_override":[{"single_post_thumbnail_size":"no-crop","single_post_gallery_size":"crop-715"}],"trending_post":"0","trending_post_position":"meta","trending_post_label":"Trending","sponsored_post":"0","sponsored_post_label":"Sponsored by","sponsored_post_name":"","sponsored_post_url":"","sponsored_post_logo_enable":"0","sponsored_post_logo":"","sponsored_post_desc":"","disable_ad":"0"},"jnews_primary_category":{"id":"","hide":""},"footnotes":""},"categories":[94],"tags":[],"class_list":["post-4509","post","type-post","status-publish","format-standard","has-post-thumbnail","hentry","category-saude-2"],"_links":{"self":[{"href":"https:\/\/cidadebaixaonline.com.br\/index.php\/wp-json\/wp\/v2\/posts\/4509","targetHints":{"allow":["GET"]}}],"collection":[{"href":"https:\/\/cidadebaixaonline.com.br\/index.php\/wp-json\/wp\/v2\/posts"}],"about":[{"href":"https:\/\/cidadebaixaonline.com.br\/index.php\/wp-json\/wp\/v2\/types\/post"}],"author":[{"embeddable":true,"href":"https:\/\/cidadebaixaonline.com.br\/index.php\/wp-json\/wp\/v2\/users\/2"}],"replies":[{"embeddable":true,"href":"https:\/\/cidadebaixaonline.com.br\/index.php\/wp-json\/wp\/v2\/comments?post=4509"}],"version-history":[{"count":1,"href":"https:\/\/cidadebaixaonline.com.br\/index.php\/wp-json\/wp\/v2\/posts\/4509\/revisions"}],"predecessor-version":[{"id":4511,"href":"https:\/\/cidadebaixaonline.com.br\/index.php\/wp-json\/wp\/v2\/posts\/4509\/revisions\/4511"}],"wp:featuredmedia":[{"embeddable":true,"href":"https:\/\/cidadebaixaonline.com.br\/index.php\/wp-json\/wp\/v2\/media\/4510"}],"wp:attachment":[{"href":"https:\/\/cidadebaixaonline.com.br\/index.php\/wp-json\/wp\/v2\/media?parent=4509"}],"wp:term":[{"taxonomy":"category","embeddable":true,"href":"https:\/\/cidadebaixaonline.com.br\/index.php\/wp-json\/wp\/v2\/categories?post=4509"},{"taxonomy":"post_tag","embeddable":true,"href":"https:\/\/cidadebaixaonline.com.br\/index.php\/wp-json\/wp\/v2\/tags?post=4509"}],"curies":[{"name":"wp","href":"https:\/\/api.w.org\/{rel}","templated":true}]}}