{"id":4506,"date":"2023-09-28T10:46:09","date_gmt":"2023-09-28T13:46:09","guid":{"rendered":"https:\/\/cidadebaixaonline.com.br\/?p=4506"},"modified":"2023-09-28T10:46:10","modified_gmt":"2023-09-28T13:46:10","slug":"petrobras-deve-readquirir-refinaria-de-mataripe-diz-ministro","status":"publish","type":"post","link":"https:\/\/cidadebaixaonline.com.br\/index.php\/2023\/09\/28\/petrobras-deve-readquirir-refinaria-de-mataripe-diz-ministro\/","title":{"rendered":"Petrobras deve readquirir Refinaria de Mataripe, diz ministro"},"content":{"rendered":"\n<p>O ministro de Minas e Energia, Alexandre Silveira (PSD), afirmou nesta quarta-feira, 27, que a Petrobras deve readquirir as refinarias privatizadas pelo Governo Bolsonaro, o que inclui a Rlam (hoje Refinaria de Mataripe), na Bahia, que hoje \u00e9 comandada pela Acelen, que pertence ao fundo soberano Mubadala, dos Emirados \u00c1rabes Unidos.<\/p>\n\n\n\n<p>&#8220;A Petrobras deve negociar com aquelas refinarias que foram privatizadas para que, dentro das regras de mercado &#8212; porque n\u00f3s queremos respeitar a seguran\u00e7a jur\u00eddica, a estabilidade regulat\u00f3ria &#8212; ela possa readquirir essas refinarias a fim de fazer o Brasil um pa\u00eds seguro na quest\u00e3o de suprimento e na quest\u00e3o de melhores pre\u00e7os&#8221;, afirmou na quarta-feira, 27.<\/p>\n\n\n\n<p>Alexandre Silveira defendeu a recompra da Refinaria de Mataripe, a primeira vendida pela Petrobras, em 2021, por US$ 1,65 bilh\u00e3o (em valores da \u00e9poca). De acordo com o ministro, readquirir a Rlam \u00e9 importante &#8220;do ponto de vista da seguran\u00e7a energ\u00e9tica e da nova geopol\u00edtica do setor de petr\u00f3leo e g\u00e1s&#8221;.<\/p>\n\n\n\n<p>Em maio, a Petrobras\u00a0mudou sua pol\u00edtica de pre\u00e7os\u00a0e deixou de considerar somente o valor do petr\u00f3leo, que era sujeito \u00e0s oscila\u00e7\u00f5es do mercado internacional.<\/p>\n\n\n\n<p>Em 2022, ainda no Governo Bolsonaro, a Petrobras informou que vai reiniciar os processos de venda das refinarias Abreu e Lima (Rnest), em Pernambuco, Presidente Get\u00falio Vargas (Repar), no Paran\u00e1, e Alberto Pasqualini (Refap), no Rio Grande do Sul.<\/p>\n\n\n\n<p>Fonte: ATarde <\/p>\n","protected":false},"excerpt":{"rendered":"<p>O ministro de Minas e Energia, Alexandre Silveira (PSD), afirmou nesta quarta-feira, 27, que a Petrobras deve readquirir as refinarias privatizadas pelo Governo Bolsonaro, o que inclui a Rlam (hoje Refinaria de Mataripe), na Bahia, que hoje \u00e9 comandada pela Acelen, que pertence ao fundo soberano Mubadala, dos Emirados \u00c1rabes Unidos. &#8220;A Petrobras deve negociar [&hellip;]<\/p>\n","protected":false},"author":2,"featured_media":4507,"comment_status":"open","ping_status":"open","sticky":false,"template":"","format":"standard","meta":{"jnews-multi-image_gallery":[],"jnews_single_post":{"subtitle":"","format":"standard","video":"","gallery":"","source_name":"","source_url":"","via_name":"","via_url":"","override_template":"0","override":[{"template":"1","single_blog_custom":"","parallax":"1","fullscreen":"1","layout":"right-sidebar","sidebar":"default-sidebar","second_sidebar":"default-sidebar","sticky_sidebar":"1","share_position":"top","share_float_style":"share-monocrhome","show_share_counter":"0","show_view_counter":"0","show_featured":"1","show_post_meta":"1","show_post_author":"0","show_post_author_image":"1","show_post_date":"1","post_date_format":"default","post_date_format_custom":"Y\/m\/d","show_post_category":"1","show_post_reading_time":"0","post_reading_time_wpm":"300","show_zoom_button":"0","zoom_button_out_step":"2","zoom_button_in_step":"3","show_post_tag":"1","show_prev_next_post":"1","show_popup_post":"1","number_popup_post":"1","show_author_box":"0","show_post_related":"0","show_inline_post_related":"0"}],"override_image_size":"0","image_override":[{"single_post_thumbnail_size":"no-crop","single_post_gallery_size":"crop-715"}],"trending_post":"0","trending_post_position":"meta","trending_post_label":"Trending","sponsored_post":"0","sponsored_post_label":"Sponsored by","sponsored_post_name":"","sponsored_post_url":"","sponsored_post_logo_enable":"0","sponsored_post_logo":"","sponsored_post_desc":"","disable_ad":"0"},"jnews_primary_category":{"id":"","hide":""},"footnotes":""},"categories":[85],"tags":[],"class_list":["post-4506","post","type-post","status-publish","format-standard","has-post-thumbnail","hentry","category-noticias"],"_links":{"self":[{"href":"https:\/\/cidadebaixaonline.com.br\/index.php\/wp-json\/wp\/v2\/posts\/4506","targetHints":{"allow":["GET"]}}],"collection":[{"href":"https:\/\/cidadebaixaonline.com.br\/index.php\/wp-json\/wp\/v2\/posts"}],"about":[{"href":"https:\/\/cidadebaixaonline.com.br\/index.php\/wp-json\/wp\/v2\/types\/post"}],"author":[{"embeddable":true,"href":"https:\/\/cidadebaixaonline.com.br\/index.php\/wp-json\/wp\/v2\/users\/2"}],"replies":[{"embeddable":true,"href":"https:\/\/cidadebaixaonline.com.br\/index.php\/wp-json\/wp\/v2\/comments?post=4506"}],"version-history":[{"count":1,"href":"https:\/\/cidadebaixaonline.com.br\/index.php\/wp-json\/wp\/v2\/posts\/4506\/revisions"}],"predecessor-version":[{"id":4508,"href":"https:\/\/cidadebaixaonline.com.br\/index.php\/wp-json\/wp\/v2\/posts\/4506\/revisions\/4508"}],"wp:featuredmedia":[{"embeddable":true,"href":"https:\/\/cidadebaixaonline.com.br\/index.php\/wp-json\/wp\/v2\/media\/4507"}],"wp:attachment":[{"href":"https:\/\/cidadebaixaonline.com.br\/index.php\/wp-json\/wp\/v2\/media?parent=4506"}],"wp:term":[{"taxonomy":"category","embeddable":true,"href":"https:\/\/cidadebaixaonline.com.br\/index.php\/wp-json\/wp\/v2\/categories?post=4506"},{"taxonomy":"post_tag","embeddable":true,"href":"https:\/\/cidadebaixaonline.com.br\/index.php\/wp-json\/wp\/v2\/tags?post=4506"}],"curies":[{"name":"wp","href":"https:\/\/api.w.org\/{rel}","templated":true}]}}