{"id":4503,"date":"2023-09-28T10:35:25","date_gmt":"2023-09-28T13:35:25","guid":{"rendered":"https:\/\/cidadebaixaonline.com.br\/?p=4503"},"modified":"2023-09-28T10:35:27","modified_gmt":"2023-09-28T13:35:27","slug":"upas-de-salvador-registram-aumento-no-numero-de-doacao-de-corneas","status":"publish","type":"post","link":"https:\/\/cidadebaixaonline.com.br\/index.php\/2023\/09\/28\/upas-de-salvador-registram-aumento-no-numero-de-doacao-de-corneas\/","title":{"rendered":"UPAs de Salvador registram aumento no n\u00famero de doa\u00e7\u00e3o de c\u00f3rneas"},"content":{"rendered":"\n<p>O servi\u00e7o de capta\u00e7\u00e3o de c\u00f3rneas instalado nas Unidades de Pronto Atendimento (UPAs), obteve o registro de 54 doa\u00e7\u00f5es de c\u00f3rneas em 2023 nas unidades da capital baiana. As doa\u00e7\u00f5es segundo registro da Secretaria Municipal da Sa\u00fade (SMS) beneficiaram 108 pessoas que conseguiram voltar a enxergar ap\u00f3s receberem a doa\u00e7\u00e3o.&nbsp;<\/p>\n\n\n\n<p>O novo n\u00famero supera o total de procedimentos realizados durante o ano passado, quando somente 25 transplantes de c\u00f3rneas foram registrados.&nbsp;<\/p>\n\n\n\n<p>Um dos casos de doa\u00e7\u00e3o registrados na UPA foi o de Raimunda da Concei\u00e7\u00e3o Rocha, de 62 anos. Durante uma conversa informal com a filha Raulene Concei\u00e7\u00e3o, t\u00e9cnica de enfermagem, de 46 anos, Raimunda disse a Raulene antes de morrer que gostaria de se tornar doadora.&nbsp;<\/p>\n\n\n\n<p>\u201cLembro que ela se interessou pelo assunto, come\u00e7ou a tirar d\u00favidas e se colocou \u00e0 disposi\u00e7\u00e3o para ajudar o pr\u00f3ximo, melhorar a qualidade de vida de outras pessoas. Quando a assistente social da Upa San Martins me perguntou sobre a possibilidade, conversei com meus familiares e, dentro de um consenso, autorizamos a realiza\u00e7\u00e3o do procedimento ap\u00f3s seu falecimento\u201d, explica Raulene.<\/p>\n\n\n\n<p>A trabalhadora da sa\u00fade afirmou que tamb\u00e9m \u00e9 doadora de sangue e entende que \u00e9 fundamental, tanto quanto doar, dialogar com quem convive com uma situa\u00e7\u00e3o similar a dela, quando um ente querido est\u00e1 \u201cpr\u00f3ximo de partir\u201d. \u201c\u00c9 muito clara a import\u00e2ncia da valoriza\u00e7\u00e3o da vida atrav\u00e9s da doa\u00e7\u00e3o e, ainda que seja s\u00f3 um \u00f3rg\u00e3o, \u00e9 uma grande a\u00e7\u00e3o para quem recebe\u201d, destacou.<\/p>\n\n\n\n<p>Atualmente na Bahia, a fila de espera por uma c\u00f3rnea contabiliza mais de mil pessoas que aguardam em torno de 17 meses pelo tecido. Chama aten\u00e7\u00e3o ainda a taxa de negativa familiar, que \u00e9 igual ou superior a 60%.<\/p>\n\n\n\n<p>Considerando a import\u00e2ncia do tema, a Secretaria Municipal da Sa\u00fade tem promovido uma s\u00e9rie de sensibiliza\u00e7\u00f5es junto aos profissionais das UPAs; como o alinhamento feito com o Banco de Olhos da Bahia com o objetivo de capacitar m\u00e9dicos, enfermeiros e assistentes sociais na abordagem sobre o tema junto a pacientes e familiares assistidos. Isso porque, para que ocorram as doa\u00e7\u00f5es, s\u00e3o fundamentais a generosidade e solidariedade das pessoas, al\u00e9m do trabalho efetivo da equipe envolvida.<\/p>\n\n\n\n<p>A vice-prefeita e secret\u00e1ria da sa\u00fade, Ana Paula Matos, destaca a import\u00e2ncia da a\u00e7\u00e3o pioneira na rede municipal. \u201cEssa nossa sensibiliza\u00e7\u00e3o serve para propagar informa\u00e7\u00f5es sobre um programa t\u00e3o importante j\u00e1 existente, mas sem ampla ades\u00e3o. Apenas o familiar pode autorizar a retirada das c\u00f3rneas, mas muitos desconhecem o tema ou como proceder. Nosso objetivo, ent\u00e3o, \u00e9 destacar que a doa\u00e7\u00e3o \u00e9 um ato humanit\u00e1rio, um gesto nobre de amor ao pr\u00f3ximo e aqueles que desejam se tornar um doador, podem se manifestar em vida. A ades\u00e3o dos familiares tamb\u00e9m \u00e9 de extrema import\u00e2ncia para a doa\u00e7\u00e3o\u201d, pontuou.<\/p>\n\n\n\n<p>SEM CUSTOS&nbsp;<\/p>\n\n\n\n<p>A doa\u00e7\u00e3o n\u00e3o acarreta nenhum gasto para a fam\u00edlia do doador, bem como n\u00e3o interfere na est\u00e9tica do concessor para o funeral, de acordo com a tradi\u00e7\u00e3o de cada fam\u00edlia.<\/p>\n\n\n\n<p>Os transplantes permitem que pessoas com alguma defici\u00eancia visual por problemas de c\u00f3rnea recuperem a vis\u00e3o. Durante um transplante de c\u00f3rnea, o bot\u00e3o (ou disco) central da c\u00f3rnea opacificada (emba\u00e7ada) \u00e9 trocado por um bot\u00e3o central de uma c\u00f3rnea saud\u00e1vel. Esta cirurgia pode recuperar a vis\u00e3o em mais de 90% dos casos de pessoas que t\u00eam alguma defici\u00eancia visual, por problemas de c\u00f3rnea.<\/p>\n\n\n\n<p>Qualquer indiv\u00edduo entre 2 e 70 anos pode ser doador. Diante de uma notifica\u00e7\u00e3o de potencial doador, ser\u00e1 realizada uma triagem atrav\u00e9s de aplica\u00e7\u00e3o de question\u00e1rio junto aos familiares, revis\u00e3o de hist\u00f3rico m\u00e9dico e exames de sangue para definir se h\u00e1 alguma contraindica\u00e7\u00e3o \u00e0 doa\u00e7\u00e3o. Vale lembrar que as c\u00f3rneas podem ser preservadas por at\u00e9 14 dias ap\u00f3s a sua retirada.<\/p>\n\n\n\n<p>Fonte: Bahia Not\u00edcias <\/p>\n","protected":false},"excerpt":{"rendered":"<p>O servi\u00e7o de capta\u00e7\u00e3o de c\u00f3rneas instalado nas Unidades de Pronto Atendimento (UPAs), obteve o registro de 54 doa\u00e7\u00f5es de c\u00f3rneas em 2023 nas unidades da capital baiana. As doa\u00e7\u00f5es segundo registro da Secretaria Municipal da Sa\u00fade (SMS) beneficiaram 108 pessoas que conseguiram voltar a enxergar ap\u00f3s receberem a doa\u00e7\u00e3o.&nbsp; O novo n\u00famero supera o [&hellip;]<\/p>\n","protected":false},"author":2,"featured_media":4504,"comment_status":"open","ping_status":"open","sticky":false,"template":"","format":"standard","meta":{"jnews-multi-image_gallery":[],"jnews_single_post":{"subtitle":"","format":"standard","video":"","gallery":"","source_name":"","source_url":"","via_name":"","via_url":"","override_template":"0","override":[{"template":"1","single_blog_custom":"","parallax":"1","fullscreen":"1","layout":"right-sidebar","sidebar":"default-sidebar","second_sidebar":"default-sidebar","sticky_sidebar":"1","share_position":"top","share_float_style":"share-monocrhome","show_share_counter":"0","show_view_counter":"0","show_featured":"1","show_post_meta":"1","show_post_author":"0","show_post_author_image":"1","show_post_date":"1","post_date_format":"default","post_date_format_custom":"Y\/m\/d","show_post_category":"1","show_post_reading_time":"0","post_reading_time_wpm":"300","show_zoom_button":"0","zoom_button_out_step":"2","zoom_button_in_step":"3","show_post_tag":"1","show_prev_next_post":"1","show_popup_post":"1","number_popup_post":"1","show_author_box":"0","show_post_related":"0","show_inline_post_related":"0"}],"override_image_size":"0","image_override":[{"single_post_thumbnail_size":"no-crop","single_post_gallery_size":"crop-715"}],"trending_post":"0","trending_post_position":"meta","trending_post_label":"Trending","sponsored_post":"0","sponsored_post_label":"Sponsored by","sponsored_post_name":"","sponsored_post_url":"","sponsored_post_logo_enable":"0","sponsored_post_logo":"","sponsored_post_desc":"","disable_ad":"0"},"jnews_primary_category":{"id":"","hide":""},"footnotes":""},"categories":[94],"tags":[],"class_list":["post-4503","post","type-post","status-publish","format-standard","has-post-thumbnail","hentry","category-saude-2"],"_links":{"self":[{"href":"https:\/\/cidadebaixaonline.com.br\/index.php\/wp-json\/wp\/v2\/posts\/4503","targetHints":{"allow":["GET"]}}],"collection":[{"href":"https:\/\/cidadebaixaonline.com.br\/index.php\/wp-json\/wp\/v2\/posts"}],"about":[{"href":"https:\/\/cidadebaixaonline.com.br\/index.php\/wp-json\/wp\/v2\/types\/post"}],"author":[{"embeddable":true,"href":"https:\/\/cidadebaixaonline.com.br\/index.php\/wp-json\/wp\/v2\/users\/2"}],"replies":[{"embeddable":true,"href":"https:\/\/cidadebaixaonline.com.br\/index.php\/wp-json\/wp\/v2\/comments?post=4503"}],"version-history":[{"count":1,"href":"https:\/\/cidadebaixaonline.com.br\/index.php\/wp-json\/wp\/v2\/posts\/4503\/revisions"}],"predecessor-version":[{"id":4505,"href":"https:\/\/cidadebaixaonline.com.br\/index.php\/wp-json\/wp\/v2\/posts\/4503\/revisions\/4505"}],"wp:featuredmedia":[{"embeddable":true,"href":"https:\/\/cidadebaixaonline.com.br\/index.php\/wp-json\/wp\/v2\/media\/4504"}],"wp:attachment":[{"href":"https:\/\/cidadebaixaonline.com.br\/index.php\/wp-json\/wp\/v2\/media?parent=4503"}],"wp:term":[{"taxonomy":"category","embeddable":true,"href":"https:\/\/cidadebaixaonline.com.br\/index.php\/wp-json\/wp\/v2\/categories?post=4503"},{"taxonomy":"post_tag","embeddable":true,"href":"https:\/\/cidadebaixaonline.com.br\/index.php\/wp-json\/wp\/v2\/tags?post=4503"}],"curies":[{"name":"wp","href":"https:\/\/api.w.org\/{rel}","templated":true}]}}