{"id":4494,"date":"2023-09-28T10:16:23","date_gmt":"2023-09-28T13:16:23","guid":{"rendered":"https:\/\/cidadebaixaonline.com.br\/?p=4494"},"modified":"2023-09-28T10:16:25","modified_gmt":"2023-09-28T13:16:25","slug":"eduardo-leite-pede-a-lula-mais-ajuda-para-efeitos-da-chuva-no-rs","status":"publish","type":"post","link":"https:\/\/cidadebaixaonline.com.br\/index.php\/2023\/09\/28\/eduardo-leite-pede-a-lula-mais-ajuda-para-efeitos-da-chuva-no-rs\/","title":{"rendered":"Eduardo Leite pede a Lula mais ajuda para efeitos da chuva no RS"},"content":{"rendered":"\n<p>O governador do Rio de Grande do Sul, Eduardo Leite, foi recebido nesta quarta-feira (27), no Pal\u00e1cio do Planalto, pelo presidente Luiz In\u00e1cio Lula da Silva, para discutir a situa\u00e7\u00e3o no estado, que vive uma onda de eventos clim\u00e1ticos intensos causados pelo fen\u00f4meno El Ni\u00f1o, que provoca tempestades, alagamentos, ventania e outras intemp\u00e9ries. Segundo Leite, o ciclo de chuvas continuar\u00e1 intenso no estado ao longo dos pr\u00f3ximos tr\u00eas meses, de acordo com as previs\u00f5es j\u00e1 apuradas.<\/p>\n\n\n\n<p>&#8220;O que eu trago aqui ao presidente \u00e9 a necessidade de n\u00f3s estarmos, mais do que nunca, muito pr\u00f3ximos, governo federal, governo do estado, assim como cada um dos munic\u00edpios, para enfrentar tudo o que vem pela frente. N\u00e3o apenas a reconstru\u00e7\u00e3o do que se passou, como tamb\u00e9m estarmos juntos para enfrentar o que vier, granizo, chuva, ventos, por conta desse fen\u00f4meno de super El Ni\u00f1o, que vai recair especialmente sobre o Rio Grande do Sul, no territ\u00f3rio brasileiro, com chuvas muito intensas ao longo dos pr\u00f3ximos meses&#8221;, afirmou o governador a jornalistas, ap\u00f3s a reuni\u00e3o.<\/p>\n\n\n\n<p>Lula e Leite tiveram uma reuni\u00e3o reservada, que depois foi ampliada com a presen\u00e7a de ministros, integrantes do governo estadual e de parlamentares federais ga\u00fachos. Em postagem numa rede social, Lula reafirmou o apoio do governo federal ao Rio Grande do Sul. Ele tamb\u00e9m anunciou que uma nova comitiva de ministros ir\u00e1 ao estado nesta quinta-feira (28) monitorar a situa\u00e7\u00e3o. O grupo dever\u00e1 ser integrado pela primeira-dama Janja Silva.<\/p>\n\n\n\n<p>&#8220;Desde o come\u00e7o, o governo federal atuou e segue atuando para atender as demandas locais, destinando estrutura e recursos necess\u00e1rios para enfrentar as chuvas. Uma comitiva do governo federal voltar\u00e1 nesta quinta-feira ao estado para fortalecer as a\u00e7\u00f5es em parceria com o governo do estado e munic\u00edpios. O Brasil sempre ser\u00e1 solid\u00e1rio e o governo federal atuante quando uma regi\u00e3o do pa\u00eds enfrentar dificuldades, seja as chuvas em excesso no Rio Grande do Sul, ou a queda no n\u00edvel dos rios como no Amazonas, que dificulta o abastecimento de cidades daquele estado&#8221;, destacou o presidente.<\/p>\n\n\n\n<p>No in\u00edcio do m\u00eas, o Rio Grande do Sul foi devastado pela passagem de um ciclone extratropical, que deixou milhares de desabrigados e dezenas de mortos. Entre as medidas de apoio, o presidente anunciou a concess\u00e3o de R$ 1 bilh\u00e3o em empr\u00e9stimos subsidiados por meio do Banco Nacional de Desenvolvimento Econ\u00f4mico e Social (BNDES), para ajudar empresas e neg\u00f3cios afetados pelas chuvas, al\u00e9m da libera\u00e7\u00e3o do saque do Fundo de Garantia do Tempo de Servi\u00e7o (FGTS) para mais 354 mil trabalhadores com carteira assinada.<\/p>\n\n\n\n<p>Sistema de alerta<br>Durante a reuni\u00e3o, Eduardo Leite pediu que seja implantado, de forma priorit\u00e1ria no Rio Grande do Sul, um sistema de alerta de celulares que interrompe o funcionamento do aparelho para mobilizar a popula\u00e7\u00e3o, em caso de emerg\u00eancia.<\/p>\n\n\n\n<p>&#8220;Aquilo que funciona em outros pa\u00edses e, aqui no Brasil, come\u00e7a a ser testado num projeto piloto, [s\u00e3o] alertas que interrompem os celulares, n\u00e3o apenas SMS ou mensagem WhatsApp, mas interrompem os celulares para alertar as pessoas&#8221;, explicou.<\/p>\n\n\n\n<p><strong>Novos recursos<\/strong><br>Al\u00e9m das medidas de retomada econ\u00f4mica, com a concess\u00e3o de cr\u00e9dito e acesso a fundos, o governador pediu tamb\u00e9m que o governo federal disponibilize aux\u00edlio emergencial aos trabalhadores do estado, bem como recursos que ajudem as empresas, inclusive as de grande porte, que paralisaram as atividades, a pagarem o sal\u00e1rio dos funcion\u00e1rios.<\/p>\n\n\n\n<p>Outro ponto abordado na reuni\u00e3o pelo governador foi a flexibiliza\u00e7\u00e3o de regras do Regime de Recupera\u00e7\u00e3o Fiscal (RRF). &#8220;Agora, estamos sendo demandados excepcionalmente nos nossos or\u00e7amentos para atender necessidade dos munic\u00edpios&#8221;, disse o governador. O RRF imp\u00f5e uma s\u00e9rie de regras r\u00edgidas de gasto p\u00fablico para estados que possuem alta d\u00edvida com a Uni\u00e3o. &nbsp;<\/p>\n\n\n\n<p><strong>Gua\u00edba transborda<\/strong><br>Ap\u00f3s a cidade de Porto Alegre registrar o inverno mais chuvoso em 62 anos, o n\u00edvel do Lago Gua\u00edba, que banha a capital ga\u00facha, transbordou, ao chegar a 3,17 metros nesta quarta-feira, 17 cent\u00edmetros acima do limite, na maior marca registrada desde 1941, quando as \u00e1guas chegaram a 4,75 metros no centro hist\u00f3rico, segundo a Prefeitura de Porto Alegre.<\/p>\n\n\n\n<p>V\u00eddeos gravados por moradores mostram a \u00e1gua atingindo cal\u00e7adas, ruas e avenidas. Nesta quarta-feira, a Defesa Civil do Rio Grande do Sul alertou 20 munic\u00edpios para risco de inunda\u00e7\u00f5es e outros danos em raz\u00e3o de grandes volumes de chuvas.<\/p>\n\n\n\n<p>A previs\u00e3o \u00e9 de temporais, descargas el\u00e9tricas, eventual queda de granizo, fortes ventos e grande quantidade de chuva, que podem causar enchentes e outros danos. As chuvas podem chegar a 100 mil\u00edmetros.<\/p>\n\n\n\n<p>Fonte: Varela Net <\/p>\n","protected":false},"excerpt":{"rendered":"<p>O governador do Rio de Grande do Sul, Eduardo Leite, foi recebido nesta quarta-feira (27), no Pal\u00e1cio do Planalto, pelo presidente Luiz In\u00e1cio Lula da Silva, para discutir a situa\u00e7\u00e3o no estado, que vive uma onda de eventos clim\u00e1ticos intensos causados pelo fen\u00f4meno El Ni\u00f1o, que provoca tempestades, alagamentos, ventania e outras intemp\u00e9ries. Segundo Leite, [&hellip;]<\/p>\n","protected":false},"author":2,"featured_media":4495,"comment_status":"open","ping_status":"open","sticky":false,"template":"","format":"standard","meta":{"jnews-multi-image_gallery":[],"jnews_single_post":{"subtitle":"","format":"standard","video":"","gallery":"","source_name":"","source_url":"","via_name":"","via_url":"","override_template":"0","override":[{"template":"1","single_blog_custom":"","parallax":"1","fullscreen":"1","layout":"right-sidebar","sidebar":"default-sidebar","second_sidebar":"default-sidebar","sticky_sidebar":"1","share_position":"top","share_float_style":"share-monocrhome","show_share_counter":"0","show_view_counter":"0","show_featured":"1","show_post_meta":"1","show_post_author":"0","show_post_author_image":"1","show_post_date":"1","post_date_format":"default","post_date_format_custom":"Y\/m\/d","show_post_category":"1","show_post_reading_time":"0","post_reading_time_wpm":"300","show_zoom_button":"0","zoom_button_out_step":"2","zoom_button_in_step":"3","show_post_tag":"1","show_prev_next_post":"1","show_popup_post":"1","number_popup_post":"1","show_author_box":"0","show_post_related":"0","show_inline_post_related":"0"}],"override_image_size":"0","image_override":[{"single_post_thumbnail_size":"no-crop","single_post_gallery_size":"crop-715"}],"trending_post":"0","trending_post_position":"meta","trending_post_label":"Trending","sponsored_post":"0","sponsored_post_label":"Sponsored by","sponsored_post_name":"","sponsored_post_url":"","sponsored_post_logo_enable":"0","sponsored_post_logo":"","sponsored_post_desc":"","disable_ad":"0"},"jnews_primary_category":{"id":"","hide":""},"footnotes":""},"categories":[91],"tags":[],"class_list":["post-4494","post","type-post","status-publish","format-standard","has-post-thumbnail","hentry","category-politica"],"_links":{"self":[{"href":"https:\/\/cidadebaixaonline.com.br\/index.php\/wp-json\/wp\/v2\/posts\/4494","targetHints":{"allow":["GET"]}}],"collection":[{"href":"https:\/\/cidadebaixaonline.com.br\/index.php\/wp-json\/wp\/v2\/posts"}],"about":[{"href":"https:\/\/cidadebaixaonline.com.br\/index.php\/wp-json\/wp\/v2\/types\/post"}],"author":[{"embeddable":true,"href":"https:\/\/cidadebaixaonline.com.br\/index.php\/wp-json\/wp\/v2\/users\/2"}],"replies":[{"embeddable":true,"href":"https:\/\/cidadebaixaonline.com.br\/index.php\/wp-json\/wp\/v2\/comments?post=4494"}],"version-history":[{"count":1,"href":"https:\/\/cidadebaixaonline.com.br\/index.php\/wp-json\/wp\/v2\/posts\/4494\/revisions"}],"predecessor-version":[{"id":4496,"href":"https:\/\/cidadebaixaonline.com.br\/index.php\/wp-json\/wp\/v2\/posts\/4494\/revisions\/4496"}],"wp:featuredmedia":[{"embeddable":true,"href":"https:\/\/cidadebaixaonline.com.br\/index.php\/wp-json\/wp\/v2\/media\/4495"}],"wp:attachment":[{"href":"https:\/\/cidadebaixaonline.com.br\/index.php\/wp-json\/wp\/v2\/media?parent=4494"}],"wp:term":[{"taxonomy":"category","embeddable":true,"href":"https:\/\/cidadebaixaonline.com.br\/index.php\/wp-json\/wp\/v2\/categories?post=4494"},{"taxonomy":"post_tag","embeddable":true,"href":"https:\/\/cidadebaixaonline.com.br\/index.php\/wp-json\/wp\/v2\/tags?post=4494"}],"curies":[{"name":"wp","href":"https:\/\/api.w.org\/{rel}","templated":true}]}}