{"id":4468,"date":"2023-09-27T15:11:29","date_gmt":"2023-09-27T18:11:29","guid":{"rendered":"https:\/\/cidadebaixaonline.com.br\/?p=4468"},"modified":"2023-09-27T15:21:02","modified_gmt":"2023-09-27T18:21:02","slug":"viabahia-e-autuada-pelo-procon-por-precariedade-do-asfalto-na-br-324","status":"publish","type":"post","link":"https:\/\/cidadebaixaonline.com.br\/index.php\/2023\/09\/27\/viabahia-e-autuada-pelo-procon-por-precariedade-do-asfalto-na-br-324\/","title":{"rendered":"ViaBahia \u00e9 autuada pelo Procon por precariedade do asfalto na BR-324"},"content":{"rendered":"\n<p>O Procon-Ba (Superintend\u00eancia de Prote\u00e7\u00e3o e Defesa do Consumidor), \u00f3rg\u00e3o da Secretaria de Justi\u00e7a e Direitos Humanos (SJDH), autuou ontem, 26, a ViaBahia Concession\u00e1ria de Rodovias S.A., devido \u00e0 constata\u00e7\u00e3o de m\u00e1 conserva\u00e7\u00e3o da malha vi\u00e1ria sob responsabilidade da empresa. A a\u00e7\u00e3o foi iniciada ap\u00f3s verifica\u00e7\u00e3o das condi\u00e7\u00f5es de trafegabilidade da via no trecho da BR 324 compreendido entre Salvador e Feira de Santana-BA.<\/p>\n\n\n\n<p>Uma vez autuado, o fornecedor responder\u00e1 a um processo administrativo, respeitada a ampla defesa e o contradit\u00f3rio, podendo incorrer em penalidades administrativas previstas no C\u00f3digo de Defesa do Consumidor. Configurada a m\u00e1 presta\u00e7\u00e3o dos servi\u00e7os e a exposi\u00e7\u00e3o dos consumidores a riscos, a concession\u00e1ria poder\u00e1 arcar com multa de at\u00e9 6 milh\u00f5es de reais.<\/p>\n\n\n\n<p>Al\u00e9m da constata\u00e7\u00e3o dos problemas na malha vi\u00e1ria pelos agentes do Procon-Ba, a Pol\u00edcia Rodovi\u00e1ria Federal \u2013 PRF, em relat\u00f3rio t\u00e9cnico, desnivelamento do solo em v\u00e1rios pontos do trecho fiscalizado, necessidade de recupera\u00e7\u00e3o da malha asf\u00e1ltica e de instala\u00e7\u00e3o de mais defensas, problemas nos acostamentos, na sinaliza\u00e7\u00e3o horizontal e drenagem.<\/p>\n\n\n\n<p>Fonte: TRBN <\/p>\n","protected":false},"excerpt":{"rendered":"<p>O Procon-Ba (Superintend\u00eancia de Prote\u00e7\u00e3o e Defesa do Consumidor), \u00f3rg\u00e3o da Secretaria de Justi\u00e7a e Direitos Humanos (SJDH), autuou ontem, 26, a ViaBahia Concession\u00e1ria de Rodovias S.A., devido \u00e0 constata\u00e7\u00e3o de m\u00e1 conserva\u00e7\u00e3o da malha vi\u00e1ria sob responsabilidade da empresa. A a\u00e7\u00e3o foi iniciada ap\u00f3s verifica\u00e7\u00e3o das condi\u00e7\u00f5es de trafegabilidade da via no trecho da [&hellip;]<\/p>\n","protected":false},"author":2,"featured_media":4472,"comment_status":"open","ping_status":"open","sticky":false,"template":"","format":"standard","meta":{"jnews-multi-image_gallery":[],"jnews_single_post":{"subtitle":"","format":"standard","video":"","gallery":"","source_name":"","source_url":"","via_name":"","via_url":"","override_template":"0","override":[{"template":"1","single_blog_custom":"","parallax":"1","fullscreen":"1","layout":"right-sidebar","sidebar":"default-sidebar","second_sidebar":"default-sidebar","sticky_sidebar":"1","share_position":"top","share_float_style":"share-monocrhome","show_share_counter":"0","show_view_counter":"0","show_featured":"1","show_post_meta":"1","show_post_author":"0","show_post_author_image":"1","show_post_date":"1","post_date_format":"default","post_date_format_custom":"Y\/m\/d","show_post_category":"1","show_post_reading_time":"0","post_reading_time_wpm":"300","show_zoom_button":"0","zoom_button_out_step":"2","zoom_button_in_step":"3","show_post_tag":"1","show_prev_next_post":"1","show_popup_post":"1","number_popup_post":"1","show_author_box":"0","show_post_related":"0","show_inline_post_related":"0"}],"override_image_size":"0","image_override":[{"single_post_thumbnail_size":"no-crop","single_post_gallery_size":"crop-715"}],"trending_post":"0","trending_post_position":"meta","trending_post_label":"Trending","sponsored_post":"0","sponsored_post_label":"Sponsored by","sponsored_post_name":"","sponsored_post_url":"","sponsored_post_logo_enable":"0","sponsored_post_logo":"","sponsored_post_desc":"","disable_ad":"0"},"jnews_primary_category":{"id":"","hide":""},"footnotes":""},"categories":[85],"tags":[],"class_list":["post-4468","post","type-post","status-publish","format-standard","has-post-thumbnail","hentry","category-noticias"],"_links":{"self":[{"href":"https:\/\/cidadebaixaonline.com.br\/index.php\/wp-json\/wp\/v2\/posts\/4468","targetHints":{"allow":["GET"]}}],"collection":[{"href":"https:\/\/cidadebaixaonline.com.br\/index.php\/wp-json\/wp\/v2\/posts"}],"about":[{"href":"https:\/\/cidadebaixaonline.com.br\/index.php\/wp-json\/wp\/v2\/types\/post"}],"author":[{"embeddable":true,"href":"https:\/\/cidadebaixaonline.com.br\/index.php\/wp-json\/wp\/v2\/users\/2"}],"replies":[{"embeddable":true,"href":"https:\/\/cidadebaixaonline.com.br\/index.php\/wp-json\/wp\/v2\/comments?post=4468"}],"version-history":[{"count":1,"href":"https:\/\/cidadebaixaonline.com.br\/index.php\/wp-json\/wp\/v2\/posts\/4468\/revisions"}],"predecessor-version":[{"id":4470,"href":"https:\/\/cidadebaixaonline.com.br\/index.php\/wp-json\/wp\/v2\/posts\/4468\/revisions\/4470"}],"wp:featuredmedia":[{"embeddable":true,"href":"https:\/\/cidadebaixaonline.com.br\/index.php\/wp-json\/wp\/v2\/media\/4472"}],"wp:attachment":[{"href":"https:\/\/cidadebaixaonline.com.br\/index.php\/wp-json\/wp\/v2\/media?parent=4468"}],"wp:term":[{"taxonomy":"category","embeddable":true,"href":"https:\/\/cidadebaixaonline.com.br\/index.php\/wp-json\/wp\/v2\/categories?post=4468"},{"taxonomy":"post_tag","embeddable":true,"href":"https:\/\/cidadebaixaonline.com.br\/index.php\/wp-json\/wp\/v2\/tags?post=4468"}],"curies":[{"name":"wp","href":"https:\/\/api.w.org\/{rel}","templated":true}]}}