{"id":4465,"date":"2023-09-27T15:10:54","date_gmt":"2023-09-27T18:10:54","guid":{"rendered":"https:\/\/cidadebaixaonline.com.br\/?p=4465"},"modified":"2023-09-27T15:10:56","modified_gmt":"2023-09-27T18:10:56","slug":"quinto-caso-de-morcego-com-raiva-e-confirmado-em-feira-de-santana","status":"publish","type":"post","link":"https:\/\/cidadebaixaonline.com.br\/index.php\/2023\/09\/27\/quinto-caso-de-morcego-com-raiva-e-confirmado-em-feira-de-santana\/","title":{"rendered":"Quinto caso de morcego com raiva \u00e9 confirmado em Feira de Santana"},"content":{"rendered":"\n<p>A Secretaria Municipal de Sa\u00fade (SMS) confirmou o quinto caso de raiva animal em Feira de Santana, ap\u00f3s an\u00e1lises realizadas pelo Laborat\u00f3rio Central de Sa\u00fade P\u00fablica da Bahia (Lacen). Trata-se de um morcego infectado que foi encontrado no bairro do SIM.&nbsp;<\/p>\n\n\n\n<p>De acordo com o Centro de Controle de Zoonoses (CCZ), o animal infectado n\u00e3o teve contato com pessoas. No entanto, a equipe intensificou a busca ativa na regi\u00e3o para evitar a circula\u00e7\u00e3o da doen\u00e7a no munic\u00edpio.<\/p>\n\n\n\n<p>A equipe do Centro de Zoonose j\u00e1 iniciou o cronograma de preven\u00e7\u00e3o e rastreamento no local. A a\u00e7\u00e3o consiste na vacina\u00e7\u00e3o de c\u00e3es e gatos que ainda n\u00e3o foram imunizados contra a doen\u00e7a e a orienta\u00e7\u00e3o dos moradores em rela\u00e7\u00e3o aos cuidados necess\u00e1rios. Vale destacar que durante a campanha de vacina\u00e7\u00e3o, o CCZ vacinou 33.295 animais.&nbsp;<\/p>\n\n\n\n<p>A Secretaria de Sa\u00fade orienta a popula\u00e7\u00e3o para que, caso encontre um morcego morto, acione o CCZ pelo n\u00famero (75) 9 9851-8583 para que o animal seja recolhido e submetido a exames, pois podem ser transmissores da raiva caso esteja infectado.<\/p>\n\n\n\n<p>Se uma pessoa entrar em contato direto com morcego ou for mordida por algum animal dom\u00e9stico ou silvestre, deve procurar imediatamente o setor antirr\u00e1bico no Centro de Sa\u00fade Especializado Dr. Leone Coelho L\u00eada (CSE) para acompanhamento.<\/p>\n\n\n\n<p>Fonte: TRBN<\/p>\n","protected":false},"excerpt":{"rendered":"<p>A Secretaria Municipal de Sa\u00fade (SMS) confirmou o quinto caso de raiva animal em Feira de Santana, ap\u00f3s an\u00e1lises realizadas pelo Laborat\u00f3rio Central de Sa\u00fade P\u00fablica da Bahia (Lacen). Trata-se de um morcego infectado que foi encontrado no bairro do SIM.&nbsp; De acordo com o Centro de Controle de Zoonoses (CCZ), o animal infectado n\u00e3o [&hellip;]<\/p>\n","protected":false},"author":2,"featured_media":4466,"comment_status":"open","ping_status":"open","sticky":false,"template":"","format":"standard","meta":{"jnews-multi-image_gallery":[],"jnews_single_post":{"subtitle":"","format":"standard","video":"","gallery":"","source_name":"","source_url":"","via_name":"","via_url":"","override_template":"0","override":[{"template":"1","single_blog_custom":"","parallax":"1","fullscreen":"1","layout":"right-sidebar","sidebar":"default-sidebar","second_sidebar":"default-sidebar","sticky_sidebar":"1","share_position":"top","share_float_style":"share-monocrhome","show_share_counter":"0","show_view_counter":"0","show_featured":"1","show_post_meta":"1","show_post_author":"0","show_post_author_image":"1","show_post_date":"1","post_date_format":"default","post_date_format_custom":"Y\/m\/d","show_post_category":"1","show_post_reading_time":"0","post_reading_time_wpm":"300","show_zoom_button":"0","zoom_button_out_step":"2","zoom_button_in_step":"3","show_post_tag":"1","show_prev_next_post":"1","show_popup_post":"1","number_popup_post":"1","show_author_box":"0","show_post_related":"0","show_inline_post_related":"0"}],"override_image_size":"0","image_override":[{"single_post_thumbnail_size":"no-crop","single_post_gallery_size":"crop-715"}],"trending_post":"0","trending_post_position":"meta","trending_post_label":"Trending","sponsored_post":"0","sponsored_post_label":"Sponsored by","sponsored_post_name":"","sponsored_post_url":"","sponsored_post_logo_enable":"0","sponsored_post_logo":"","sponsored_post_desc":"","disable_ad":"0"},"jnews_primary_category":{"id":"","hide":""},"footnotes":""},"categories":[94],"tags":[],"class_list":["post-4465","post","type-post","status-publish","format-standard","has-post-thumbnail","hentry","category-saude-2"],"_links":{"self":[{"href":"https:\/\/cidadebaixaonline.com.br\/index.php\/wp-json\/wp\/v2\/posts\/4465","targetHints":{"allow":["GET"]}}],"collection":[{"href":"https:\/\/cidadebaixaonline.com.br\/index.php\/wp-json\/wp\/v2\/posts"}],"about":[{"href":"https:\/\/cidadebaixaonline.com.br\/index.php\/wp-json\/wp\/v2\/types\/post"}],"author":[{"embeddable":true,"href":"https:\/\/cidadebaixaonline.com.br\/index.php\/wp-json\/wp\/v2\/users\/2"}],"replies":[{"embeddable":true,"href":"https:\/\/cidadebaixaonline.com.br\/index.php\/wp-json\/wp\/v2\/comments?post=4465"}],"version-history":[{"count":1,"href":"https:\/\/cidadebaixaonline.com.br\/index.php\/wp-json\/wp\/v2\/posts\/4465\/revisions"}],"predecessor-version":[{"id":4467,"href":"https:\/\/cidadebaixaonline.com.br\/index.php\/wp-json\/wp\/v2\/posts\/4465\/revisions\/4467"}],"wp:featuredmedia":[{"embeddable":true,"href":"https:\/\/cidadebaixaonline.com.br\/index.php\/wp-json\/wp\/v2\/media\/4466"}],"wp:attachment":[{"href":"https:\/\/cidadebaixaonline.com.br\/index.php\/wp-json\/wp\/v2\/media?parent=4465"}],"wp:term":[{"taxonomy":"category","embeddable":true,"href":"https:\/\/cidadebaixaonline.com.br\/index.php\/wp-json\/wp\/v2\/categories?post=4465"},{"taxonomy":"post_tag","embeddable":true,"href":"https:\/\/cidadebaixaonline.com.br\/index.php\/wp-json\/wp\/v2\/tags?post=4465"}],"curies":[{"name":"wp","href":"https:\/\/api.w.org\/{rel}","templated":true}]}}