{"id":4462,"date":"2023-09-27T14:59:10","date_gmt":"2023-09-27T17:59:10","guid":{"rendered":"https:\/\/cidadebaixaonline.com.br\/?p=4462"},"modified":"2023-09-27T14:59:12","modified_gmt":"2023-09-27T17:59:12","slug":"ministra-promete-ajudar-na-reforma-do-tca-mas-diz-que-obra-e-de-responsabilidade-direta-do-governo-baiano","status":"publish","type":"post","link":"https:\/\/cidadebaixaonline.com.br\/index.php\/2023\/09\/27\/ministra-promete-ajudar-na-reforma-do-tca-mas-diz-que-obra-e-de-responsabilidade-direta-do-governo-baiano\/","title":{"rendered":"Ministra promete ajudar na reforma do TCA, mas diz que obra \u00e9 de \u201cresponsabilidade direta&#8221; do governo baiano"},"content":{"rendered":"\n<p>A ministra da Cultura, Margareth Menezes, comentou nesta quarta-feira (27) sobre a reforma do Teatro Castro Alves (TCA),&nbsp;um dos principais&nbsp;equipamentos culturais da Bahia. Questionada pela&nbsp;R\u00e1dio Metropole&nbsp;a respeito da possibilidade do minist\u00e9rio ajudar a acelerar a entrega da obra, Margareth disse que aguarda o envio de detalhes por parte do governo do estado.&nbsp;<\/p>\n\n\n\n<p>\u201cO minist\u00e9rio tem a disposi\u00e7\u00e3o de auxiliar, com certeza, mas estamos dependendo do encaminhamento das a\u00e7\u00f5es. \u00c9 um legado, um patrim\u00f4nio do estado e certamente o governador [Jer\u00f4nimo Rodrigues] dar\u00e1 um andamento a essas a\u00e7\u00f5es e n\u00f3s estamos aqui tamb\u00e9m para auxiliar\u201d, disse.&nbsp;<\/p>\n\n\n\n<p>A declara\u00e7\u00e3o foi feita durante o programa &#8220;Bom Dia, Ministra&#8221;, onde Margareth conversou com radialistas de todo o pa\u00eds sobre os esfor\u00e7os para recuperar o setor cultural brasileiro. Em 25 de janeiro deste ano,&nbsp;um inc\u00eandio&nbsp;destruiu parte da sala principal do teatro, que desde ent\u00e3o est\u00e1 de portas fechadas. A previs\u00e3o \u00e9 que o equipamento seja entregue&nbsp;somente em 2025.&nbsp;<\/p>\n\n\n\n<p>A titular da pasta da cultura refor\u00e7ou ainda que a responsabilidade pela conclus\u00e3o da revitaliza\u00e7\u00e3o do TCA n\u00e3o \u00e9 do governo federal. \u201cN\u00f3s temos conversado com o governo do estado, com o secret\u00e1rio [Bruno Monteiro]&nbsp;e estamos vendo como ajudar, mas \u00e9 uma responsabilidade direta do governo da Bahia. Ent\u00e3o, n\u00f3s estamos aqui na expectativa de receber as informa\u00e7\u00f5es e ver o passo a passo\u201d, declarou.<\/p>\n\n\n\n<p>Fonte: Metro1 <\/p>\n","protected":false},"excerpt":{"rendered":"<p>A ministra da Cultura, Margareth Menezes, comentou nesta quarta-feira (27) sobre a reforma do Teatro Castro Alves (TCA),&nbsp;um dos principais&nbsp;equipamentos culturais da Bahia. Questionada pela&nbsp;R\u00e1dio Metropole&nbsp;a respeito da possibilidade do minist\u00e9rio ajudar a acelerar a entrega da obra, Margareth disse que aguarda o envio de detalhes por parte do governo do estado.&nbsp; \u201cO minist\u00e9rio tem [&hellip;]<\/p>\n","protected":false},"author":2,"featured_media":4463,"comment_status":"open","ping_status":"open","sticky":false,"template":"","format":"standard","meta":{"jnews-multi-image_gallery":[],"jnews_single_post":{"subtitle":"","format":"standard","video":"","gallery":"","source_name":"","source_url":"","via_name":"","via_url":"","override_template":"0","override":[{"template":"1","single_blog_custom":"","parallax":"1","fullscreen":"1","layout":"right-sidebar","sidebar":"default-sidebar","second_sidebar":"default-sidebar","sticky_sidebar":"1","share_position":"top","share_float_style":"share-monocrhome","show_share_counter":"0","show_view_counter":"0","show_featured":"1","show_post_meta":"1","show_post_author":"0","show_post_author_image":"1","show_post_date":"1","post_date_format":"default","post_date_format_custom":"Y\/m\/d","show_post_category":"1","show_post_reading_time":"0","post_reading_time_wpm":"300","show_zoom_button":"0","zoom_button_out_step":"2","zoom_button_in_step":"3","show_post_tag":"1","show_prev_next_post":"1","show_popup_post":"1","number_popup_post":"1","show_author_box":"0","show_post_related":"0","show_inline_post_related":"0"}],"override_image_size":"0","image_override":[{"single_post_thumbnail_size":"no-crop","single_post_gallery_size":"crop-715"}],"trending_post":"0","trending_post_position":"meta","trending_post_label":"Trending","sponsored_post":"0","sponsored_post_label":"Sponsored by","sponsored_post_name":"","sponsored_post_url":"","sponsored_post_logo_enable":"0","sponsored_post_logo":"","sponsored_post_desc":"","disable_ad":"0"},"jnews_primary_category":{"id":"","hide":""},"footnotes":""},"categories":[91],"tags":[],"class_list":["post-4462","post","type-post","status-publish","format-standard","has-post-thumbnail","hentry","category-politica"],"_links":{"self":[{"href":"https:\/\/cidadebaixaonline.com.br\/index.php\/wp-json\/wp\/v2\/posts\/4462","targetHints":{"allow":["GET"]}}],"collection":[{"href":"https:\/\/cidadebaixaonline.com.br\/index.php\/wp-json\/wp\/v2\/posts"}],"about":[{"href":"https:\/\/cidadebaixaonline.com.br\/index.php\/wp-json\/wp\/v2\/types\/post"}],"author":[{"embeddable":true,"href":"https:\/\/cidadebaixaonline.com.br\/index.php\/wp-json\/wp\/v2\/users\/2"}],"replies":[{"embeddable":true,"href":"https:\/\/cidadebaixaonline.com.br\/index.php\/wp-json\/wp\/v2\/comments?post=4462"}],"version-history":[{"count":1,"href":"https:\/\/cidadebaixaonline.com.br\/index.php\/wp-json\/wp\/v2\/posts\/4462\/revisions"}],"predecessor-version":[{"id":4464,"href":"https:\/\/cidadebaixaonline.com.br\/index.php\/wp-json\/wp\/v2\/posts\/4462\/revisions\/4464"}],"wp:featuredmedia":[{"embeddable":true,"href":"https:\/\/cidadebaixaonline.com.br\/index.php\/wp-json\/wp\/v2\/media\/4463"}],"wp:attachment":[{"href":"https:\/\/cidadebaixaonline.com.br\/index.php\/wp-json\/wp\/v2\/media?parent=4462"}],"wp:term":[{"taxonomy":"category","embeddable":true,"href":"https:\/\/cidadebaixaonline.com.br\/index.php\/wp-json\/wp\/v2\/categories?post=4462"},{"taxonomy":"post_tag","embeddable":true,"href":"https:\/\/cidadebaixaonline.com.br\/index.php\/wp-json\/wp\/v2\/tags?post=4462"}],"curies":[{"name":"wp","href":"https:\/\/api.w.org\/{rel}","templated":true}]}}