{"id":4429,"date":"2023-09-26T16:23:28","date_gmt":"2023-09-26T19:23:28","guid":{"rendered":"https:\/\/cidadebaixaonline.com.br\/?p=4429"},"modified":"2023-09-26T16:23:30","modified_gmt":"2023-09-26T19:23:30","slug":"oms-alerta-para-aumento-de-casos-de-colera-no-mundo","status":"publish","type":"post","link":"https:\/\/cidadebaixaonline.com.br\/index.php\/2023\/09\/26\/oms-alerta-para-aumento-de-casos-de-colera-no-mundo\/","title":{"rendered":"OMS alerta para aumento de casos de c\u00f3lera no mundo"},"content":{"rendered":"\n<p>A Organiza\u00e7\u00e3o Mundial da Sa\u00fade (OMS) emitiu um alerta esta semana para o aumento de casos de c\u00f3lera no mundo. De acordo com a entidade, em 2022, foram registrados mais que o dobro de casos da doen\u00e7a que em 2021 \u2013 472.697 contra 223.370. Al\u00e9m disso, 44 pa\u00edses reportaram notifica\u00e7\u00f5es da doen\u00e7a \u2013 um aumento de 25% em rela\u00e7\u00e3o aos 35 pa\u00edses que reportaram casos em 2021.&nbsp;<\/p>\n\n\n\n<p>\u201cN\u00e3o s\u00f3 houve mais surtos, mas os surtos foram maiores\u201d, destacou a OMS. Os dados mostram que sete pa\u00edses \u2013 Afeganist\u00e3o, Camar\u00f5es, Rep\u00fablica Democr\u00e1tica do Congo, Malawi, Nig\u00e9ria, Som\u00e1lia, S\u00edria e Rep\u00fablica \u00c1rabe \u2013 reportaram mais de 10 mil casos suspeitos ou confirmados no ano passado. \u201cQuanto maior o surto, mais dif\u00edcil \u00e9 normalmente control\u00e1-lo\u201d.&nbsp;<\/p>\n\n\n\n<p>Os n\u00fameros sugerem que, em 2023, o aumento de casos deve se manter \u2013 atualmente, 24 pa\u00edses j\u00e1 confirmaram surtos de c\u00f3lera em andamento, sendo que alguns deles enfrentam o que a OMS chama de \u201ccrises agudas\u201d provocadas pela doen\u00e7a.&nbsp;<\/p>\n\n\n\n<p>A entidade lembrou que a c\u00f3lera \u00e9 uma infec\u00e7\u00e3o intestinal aguda que se espalha atrav\u00e9s de alimentos e \u00e1gua contaminados com fezes contendo a bact\u00e9ria Vibrio cholerae e que o quadro est\u00e1 intimamente ligado \u00e0 falta de \u00e1gua pot\u00e1vel e saneamento adequado, \u00e0 pobreza e aos conflitos. &nbsp;<\/p>\n\n\n\n<p>\u201cAs altera\u00e7\u00f5es clim\u00e1ticas tamb\u00e9m desempenham seu papel neste recrudescimento, uma vez que acontecimentos clim\u00e1ticos extremos, como inunda\u00e7\u00f5es, secas e ciclones desencadeiam novos surtos e agravam os j\u00e1 existentes.\u201d&nbsp;<\/p>\n\n\n\n<p>Al\u00e9m disso, o aumento na procura por mecanismos de combate \u00e0 c\u00f3lera configura o que a entidade classifica como desafio para os esfor\u00e7os no controle de doen\u00e7as em todo o mundo. &nbsp;<\/p>\n\n\n\n<p>Desde outubro do ano passado, o Grupo de Coordena\u00e7\u00e3o Internacional (ICG, na sigla em ingl\u00eas), organismo que gere o abastecimento de emerg\u00eancia de vacinas \u2013 optou por suspender o esquema padr\u00e3o de vacina\u00e7\u00e3o em duas doses nas campanhas de resposta a surtos de c\u00f3lera, utilizando, em vez disso, uma abordagem com dose \u00fanica.&nbsp;<\/p>\n\n\n\n<p>Fonte: Ag\u00eancia Brasil<\/p>\n","protected":false},"excerpt":{"rendered":"<p>A Organiza\u00e7\u00e3o Mundial da Sa\u00fade (OMS) emitiu um alerta esta semana para o aumento de casos de c\u00f3lera no mundo. De acordo com a entidade, em 2022, foram registrados mais que o dobro de casos da doen\u00e7a que em 2021 \u2013 472.697 contra 223.370. Al\u00e9m disso, 44 pa\u00edses reportaram notifica\u00e7\u00f5es da doen\u00e7a \u2013 um aumento [&hellip;]<\/p>\n","protected":false},"author":2,"featured_media":4430,"comment_status":"open","ping_status":"open","sticky":false,"template":"","format":"standard","meta":{"jnews-multi-image_gallery":[],"jnews_single_post":{"subtitle":"","format":"standard","video":"","gallery":"","source_name":"","source_url":"","via_name":"","via_url":"","override_template":"0","override":[{"template":"1","single_blog_custom":"","parallax":"1","fullscreen":"1","layout":"right-sidebar","sidebar":"default-sidebar","second_sidebar":"default-sidebar","sticky_sidebar":"1","share_position":"top","share_float_style":"share-monocrhome","show_share_counter":"0","show_view_counter":"0","show_featured":"1","show_post_meta":"1","show_post_author":"0","show_post_author_image":"1","show_post_date":"1","post_date_format":"default","post_date_format_custom":"Y\/m\/d","show_post_category":"1","show_post_reading_time":"0","post_reading_time_wpm":"300","show_zoom_button":"0","zoom_button_out_step":"2","zoom_button_in_step":"3","show_post_tag":"1","show_prev_next_post":"1","show_popup_post":"1","number_popup_post":"1","show_author_box":"0","show_post_related":"0","show_inline_post_related":"0"}],"override_image_size":"0","image_override":[{"single_post_thumbnail_size":"no-crop","single_post_gallery_size":"crop-715"}],"trending_post":"0","trending_post_position":"meta","trending_post_label":"Trending","sponsored_post":"0","sponsored_post_label":"Sponsored by","sponsored_post_name":"","sponsored_post_url":"","sponsored_post_logo_enable":"0","sponsored_post_logo":"","sponsored_post_desc":"","disable_ad":"0"},"jnews_primary_category":{"id":"","hide":""},"footnotes":""},"categories":[94],"tags":[],"class_list":["post-4429","post","type-post","status-publish","format-standard","has-post-thumbnail","hentry","category-saude-2"],"_links":{"self":[{"href":"https:\/\/cidadebaixaonline.com.br\/index.php\/wp-json\/wp\/v2\/posts\/4429","targetHints":{"allow":["GET"]}}],"collection":[{"href":"https:\/\/cidadebaixaonline.com.br\/index.php\/wp-json\/wp\/v2\/posts"}],"about":[{"href":"https:\/\/cidadebaixaonline.com.br\/index.php\/wp-json\/wp\/v2\/types\/post"}],"author":[{"embeddable":true,"href":"https:\/\/cidadebaixaonline.com.br\/index.php\/wp-json\/wp\/v2\/users\/2"}],"replies":[{"embeddable":true,"href":"https:\/\/cidadebaixaonline.com.br\/index.php\/wp-json\/wp\/v2\/comments?post=4429"}],"version-history":[{"count":1,"href":"https:\/\/cidadebaixaonline.com.br\/index.php\/wp-json\/wp\/v2\/posts\/4429\/revisions"}],"predecessor-version":[{"id":4431,"href":"https:\/\/cidadebaixaonline.com.br\/index.php\/wp-json\/wp\/v2\/posts\/4429\/revisions\/4431"}],"wp:featuredmedia":[{"embeddable":true,"href":"https:\/\/cidadebaixaonline.com.br\/index.php\/wp-json\/wp\/v2\/media\/4430"}],"wp:attachment":[{"href":"https:\/\/cidadebaixaonline.com.br\/index.php\/wp-json\/wp\/v2\/media?parent=4429"}],"wp:term":[{"taxonomy":"category","embeddable":true,"href":"https:\/\/cidadebaixaonline.com.br\/index.php\/wp-json\/wp\/v2\/categories?post=4429"},{"taxonomy":"post_tag","embeddable":true,"href":"https:\/\/cidadebaixaonline.com.br\/index.php\/wp-json\/wp\/v2\/tags?post=4429"}],"curies":[{"name":"wp","href":"https:\/\/api.w.org\/{rel}","templated":true}]}}