{"id":4412,"date":"2023-09-26T14:38:05","date_gmt":"2023-09-26T17:38:05","guid":{"rendered":"https:\/\/cidadebaixaonline.com.br\/?p=4412"},"modified":"2023-09-26T14:38:06","modified_gmt":"2023-09-26T17:38:06","slug":"oeste-baiano-tem-maximas-que-passam-de-40-nesta-terca-em-meio-a-onda-de-calor","status":"publish","type":"post","link":"https:\/\/cidadebaixaonline.com.br\/index.php\/2023\/09\/26\/oeste-baiano-tem-maximas-que-passam-de-40-nesta-terca-em-meio-a-onda-de-calor\/","title":{"rendered":"Oeste baiano tem m\u00e1ximas que passam de 40\u00b0 nesta ter\u00e7a em meio \u00e0 onda de calor"},"content":{"rendered":"\n<p>A onda de calor que afeta o pa\u00eds j\u00e1 faz diversas cidades baianas\u00a0enfrentarem temperaturas na casa dos 40%. Os casos ocorrem, sobretudo no Oeste do estado. Nesta ter\u00e7a-feira (26), a m\u00e1xima em Bom Jesus da Lapa chega a 41\u00b0. O calor tamb\u00e9m ocorre em Ibotirama, Brejol\u00e2ndia Morpar\u00e1, Cotegipe, Angical e Muqu\u00e9m do S\u00e3o Francisco, que registram 40\u00b0.<\/p>\n\n\n\n<p>Os dados s\u00e3o do Instituto Nacional de Meteorologia (Inmet). A onda quente tamb\u00e9m atinge Barreiras, Formosa do Rio Preto, Wanderley e Mansid\u00e3o, com m\u00e1xima de 39\u00b0 nesta quarta. Na \u00faltima sexta-feira (22), o\u00a0Inmet \u00a0incluiu a Bahia entre os estados com \u201calerta vermelho\u201d\u00a0devido ao aumento de temperatura at\u00e9 esta ter\u00e7a.<\/p>\n\n\n\n<p>O c\u00f3digo vermelho aponta para forte risco de danos \u00e0 sa\u00fade humana. O instituto informou ainda que a onda de calor est\u00e1 associada com o fen\u00f4meno El Ni\u00f1o, que teria efeitos mais rigorosos neste ano por conta do aumento do agravamento da Crise do Clima, causada pela emiss\u00e3o de gases de efeito estufa.<\/p>\n\n\n\n<p>Fonte: Bahia Not\u00edcias <\/p>\n","protected":false},"excerpt":{"rendered":"<p>A onda de calor que afeta o pa\u00eds j\u00e1 faz diversas cidades baianas\u00a0enfrentarem temperaturas na casa dos 40%. Os casos ocorrem, sobretudo no Oeste do estado. Nesta ter\u00e7a-feira (26), a m\u00e1xima em Bom Jesus da Lapa chega a 41\u00b0. O calor tamb\u00e9m ocorre em Ibotirama, Brejol\u00e2ndia Morpar\u00e1, Cotegipe, Angical e Muqu\u00e9m do S\u00e3o Francisco, que [&hellip;]<\/p>\n","protected":false},"author":2,"featured_media":4413,"comment_status":"open","ping_status":"open","sticky":false,"template":"","format":"standard","meta":{"jnews-multi-image_gallery":[],"jnews_single_post":{"subtitle":"","format":"standard","video":"","gallery":"","source_name":"","source_url":"","via_name":"","via_url":"","override_template":"0","override":[{"template":"1","single_blog_custom":"","parallax":"1","fullscreen":"1","layout":"right-sidebar","sidebar":"default-sidebar","second_sidebar":"default-sidebar","sticky_sidebar":"1","share_position":"top","share_float_style":"share-monocrhome","show_share_counter":"0","show_view_counter":"0","show_featured":"1","show_post_meta":"1","show_post_author":"0","show_post_author_image":"1","show_post_date":"1","post_date_format":"default","post_date_format_custom":"Y\/m\/d","show_post_category":"1","show_post_reading_time":"0","post_reading_time_wpm":"300","show_zoom_button":"0","zoom_button_out_step":"2","zoom_button_in_step":"3","show_post_tag":"1","show_prev_next_post":"1","show_popup_post":"1","number_popup_post":"1","show_author_box":"0","show_post_related":"0","show_inline_post_related":"0"}],"override_image_size":"0","image_override":[{"single_post_thumbnail_size":"no-crop","single_post_gallery_size":"crop-715"}],"trending_post":"0","trending_post_position":"meta","trending_post_label":"Trending","sponsored_post":"0","sponsored_post_label":"Sponsored by","sponsored_post_name":"","sponsored_post_url":"","sponsored_post_logo_enable":"0","sponsored_post_logo":"","sponsored_post_desc":"","disable_ad":"0"},"jnews_primary_category":{"id":"","hide":""},"footnotes":""},"categories":[97],"tags":[],"class_list":["post-4412","post","type-post","status-publish","format-standard","has-post-thumbnail","hentry","category-previsao"],"_links":{"self":[{"href":"https:\/\/cidadebaixaonline.com.br\/index.php\/wp-json\/wp\/v2\/posts\/4412","targetHints":{"allow":["GET"]}}],"collection":[{"href":"https:\/\/cidadebaixaonline.com.br\/index.php\/wp-json\/wp\/v2\/posts"}],"about":[{"href":"https:\/\/cidadebaixaonline.com.br\/index.php\/wp-json\/wp\/v2\/types\/post"}],"author":[{"embeddable":true,"href":"https:\/\/cidadebaixaonline.com.br\/index.php\/wp-json\/wp\/v2\/users\/2"}],"replies":[{"embeddable":true,"href":"https:\/\/cidadebaixaonline.com.br\/index.php\/wp-json\/wp\/v2\/comments?post=4412"}],"version-history":[{"count":1,"href":"https:\/\/cidadebaixaonline.com.br\/index.php\/wp-json\/wp\/v2\/posts\/4412\/revisions"}],"predecessor-version":[{"id":4414,"href":"https:\/\/cidadebaixaonline.com.br\/index.php\/wp-json\/wp\/v2\/posts\/4412\/revisions\/4414"}],"wp:featuredmedia":[{"embeddable":true,"href":"https:\/\/cidadebaixaonline.com.br\/index.php\/wp-json\/wp\/v2\/media\/4413"}],"wp:attachment":[{"href":"https:\/\/cidadebaixaonline.com.br\/index.php\/wp-json\/wp\/v2\/media?parent=4412"}],"wp:term":[{"taxonomy":"category","embeddable":true,"href":"https:\/\/cidadebaixaonline.com.br\/index.php\/wp-json\/wp\/v2\/categories?post=4412"},{"taxonomy":"post_tag","embeddable":true,"href":"https:\/\/cidadebaixaonline.com.br\/index.php\/wp-json\/wp\/v2\/tags?post=4412"}],"curies":[{"name":"wp","href":"https:\/\/api.w.org\/{rel}","templated":true}]}}