{"id":4365,"date":"2023-09-25T10:39:54","date_gmt":"2023-09-25T13:39:54","guid":{"rendered":"https:\/\/cidadebaixaonline.com.br\/?p=4365"},"modified":"2023-09-25T10:39:56","modified_gmt":"2023-09-25T13:39:56","slug":"adolescente-e-esfaqueado-na-casa-da-namorada-no-bairro-do-curuzu","status":"publish","type":"post","link":"https:\/\/cidadebaixaonline.com.br\/index.php\/2023\/09\/25\/adolescente-e-esfaqueado-na-casa-da-namorada-no-bairro-do-curuzu\/","title":{"rendered":"Adolescente \u00e9 esfaqueado na casa da namorada no bairro do Curuzu"},"content":{"rendered":"\n<p>Um adolescente de 13 anos, foi golpeado com um fac\u00e3o na noite de domingo (24), no bairro do curuzu, em Salvador.&nbsp;<\/p>\n\n\n\n<p>Segundo informa\u00e7\u00f5es, a vitima estava na casa da namorada quando fato ocorreu,&nbsp;o suspeito de cometer o crime fugiu logo ap\u00f3s e \u00e9 procurado pela policia.<\/p>\n\n\n\n<p>O caso aconteceu na rua da Alegria. Policiais Militares fizeram ronda na regi\u00e3o em busca do suspeito, mas ele n\u00e3o foi encontrado.<\/p>\n\n\n\n<p>A vitima foi levada por moradores da regi\u00e3o para o Hospital Geral do Estado (HGE), onde est\u00e1 internado. N\u00e3o h\u00e1 informa\u00e7\u00f5e sobre seu estado de sa\u00fade.<\/p>\n\n\n\n<p>A Policia Civil investigar\u00e1 o caso para saber a autoria e a motiva\u00e7\u00e3o do crime que \u00e9 investigado Delegacia Especializada de Repress\u00e3o aos Crimes Contra a Crian\u00e7a e o Adolescente (Dercca).<\/p>\n\n\n\n<p>Um video feito por pessoas que estavam no local, mostram momentos em que o adolescente corre para se proteger de homem que est\u00e1 em posse do fac\u00e3o.\u00a0<\/p>\n\n\n\n<p>Fonte: Varela Net <\/p>\n","protected":false},"excerpt":{"rendered":"<p>Um adolescente de 13 anos, foi golpeado com um fac\u00e3o na noite de domingo (24), no bairro do curuzu, em Salvador.&nbsp; Segundo informa\u00e7\u00f5es, a vitima estava na casa da namorada quando fato ocorreu,&nbsp;o suspeito de cometer o crime fugiu logo ap\u00f3s e \u00e9 procurado pela policia. O caso aconteceu na rua da Alegria. Policiais Militares [&hellip;]<\/p>\n","protected":false},"author":2,"featured_media":4366,"comment_status":"open","ping_status":"open","sticky":false,"template":"","format":"standard","meta":{"jnews-multi-image_gallery":[],"jnews_single_post":{"subtitle":"","format":"standard","video":"","gallery":"","source_name":"","source_url":"","via_name":"","via_url":"","override_template":"0","override":[{"template":"1","single_blog_custom":"","parallax":"1","fullscreen":"1","layout":"right-sidebar","sidebar":"default-sidebar","second_sidebar":"default-sidebar","sticky_sidebar":"1","share_position":"top","share_float_style":"share-monocrhome","show_share_counter":"0","show_view_counter":"0","show_featured":"1","show_post_meta":"1","show_post_author":"0","show_post_author_image":"1","show_post_date":"1","post_date_format":"default","post_date_format_custom":"Y\/m\/d","show_post_category":"1","show_post_reading_time":"0","post_reading_time_wpm":"300","show_zoom_button":"0","zoom_button_out_step":"2","zoom_button_in_step":"3","show_post_tag":"1","show_prev_next_post":"1","show_popup_post":"1","number_popup_post":"1","show_author_box":"0","show_post_related":"0","show_inline_post_related":"0"}],"override_image_size":"0","image_override":[{"single_post_thumbnail_size":"no-crop","single_post_gallery_size":"crop-715"}],"trending_post":"0","trending_post_position":"meta","trending_post_label":"Trending","sponsored_post":"0","sponsored_post_label":"Sponsored by","sponsored_post_name":"","sponsored_post_url":"","sponsored_post_logo_enable":"0","sponsored_post_logo":"","sponsored_post_desc":"","disable_ad":"0"},"jnews_primary_category":{"id":"","hide":""},"footnotes":""},"categories":[105],"tags":[],"class_list":["post-4365","post","type-post","status-publish","format-standard","has-post-thumbnail","hentry","category-policia"],"_links":{"self":[{"href":"https:\/\/cidadebaixaonline.com.br\/index.php\/wp-json\/wp\/v2\/posts\/4365","targetHints":{"allow":["GET"]}}],"collection":[{"href":"https:\/\/cidadebaixaonline.com.br\/index.php\/wp-json\/wp\/v2\/posts"}],"about":[{"href":"https:\/\/cidadebaixaonline.com.br\/index.php\/wp-json\/wp\/v2\/types\/post"}],"author":[{"embeddable":true,"href":"https:\/\/cidadebaixaonline.com.br\/index.php\/wp-json\/wp\/v2\/users\/2"}],"replies":[{"embeddable":true,"href":"https:\/\/cidadebaixaonline.com.br\/index.php\/wp-json\/wp\/v2\/comments?post=4365"}],"version-history":[{"count":1,"href":"https:\/\/cidadebaixaonline.com.br\/index.php\/wp-json\/wp\/v2\/posts\/4365\/revisions"}],"predecessor-version":[{"id":4367,"href":"https:\/\/cidadebaixaonline.com.br\/index.php\/wp-json\/wp\/v2\/posts\/4365\/revisions\/4367"}],"wp:featuredmedia":[{"embeddable":true,"href":"https:\/\/cidadebaixaonline.com.br\/index.php\/wp-json\/wp\/v2\/media\/4366"}],"wp:attachment":[{"href":"https:\/\/cidadebaixaonline.com.br\/index.php\/wp-json\/wp\/v2\/media?parent=4365"}],"wp:term":[{"taxonomy":"category","embeddable":true,"href":"https:\/\/cidadebaixaonline.com.br\/index.php\/wp-json\/wp\/v2\/categories?post=4365"},{"taxonomy":"post_tag","embeddable":true,"href":"https:\/\/cidadebaixaonline.com.br\/index.php\/wp-json\/wp\/v2\/tags?post=4365"}],"curies":[{"name":"wp","href":"https:\/\/api.w.org\/{rel}","templated":true}]}}