{"id":4346,"date":"2023-09-25T10:11:47","date_gmt":"2023-09-25T13:11:47","guid":{"rendered":"https:\/\/cidadebaixaonline.com.br\/?p=4346"},"modified":"2023-09-25T10:11:49","modified_gmt":"2023-09-25T13:11:49","slug":"carro-pega-fogo-no-bairro-do-comercio-em-salvador","status":"publish","type":"post","link":"https:\/\/cidadebaixaonline.com.br\/index.php\/2023\/09\/25\/carro-pega-fogo-no-bairro-do-comercio-em-salvador\/","title":{"rendered":"Carro pega fogo no bairro do Com\u00e9rcio em Salvador"},"content":{"rendered":"\n<p>Um carro pegou fogo na manh\u00e3 desta segunda-feira(25), no bairro do Com\u00e9rcio,&nbsp;em Salvador. Pessoas que passavam na&nbsp;Avenida da Fran\u00e7a&nbsp;registaram o momento em que o veiculo foi consumido pelas chamas no meio de uma das principais vias do bairro.<\/p>\n\n\n\n<p>N\u00e3o h\u00e1 informa\u00e7\u00f5es sobre o que motivou as chamas e se houve feridos. A superintend\u00eancia de Tr\u00e2nsito de Salvador (Transalvador), foi at\u00e9 o local e confirmou a ocorrencia.<\/p>\n\n\n\n<p>Parte da via precisou ser interditada. O ve\u00edculo foi retirado do local ap\u00f3s as chamas serem controladas.&nbsp;<\/p>\n\n\n\n<p>Fonte: Varela Net <\/p>\n","protected":false},"excerpt":{"rendered":"<p>Um carro pegou fogo na manh\u00e3 desta segunda-feira(25), no bairro do Com\u00e9rcio,&nbsp;em Salvador. Pessoas que passavam na&nbsp;Avenida da Fran\u00e7a&nbsp;registaram o momento em que o veiculo foi consumido pelas chamas no meio de uma das principais vias do bairro. N\u00e3o h\u00e1 informa\u00e7\u00f5es sobre o que motivou as chamas e se houve feridos. A superintend\u00eancia de Tr\u00e2nsito [&hellip;]<\/p>\n","protected":false},"author":2,"featured_media":4347,"comment_status":"open","ping_status":"open","sticky":false,"template":"","format":"standard","meta":{"jnews-multi-image_gallery":[],"jnews_single_post":{"subtitle":"","format":"standard","video":"","gallery":"","source_name":"","source_url":"","via_name":"","via_url":"","override_template":"0","override":[{"template":"1","single_blog_custom":"","parallax":"1","fullscreen":"1","layout":"right-sidebar","sidebar":"default-sidebar","second_sidebar":"default-sidebar","sticky_sidebar":"1","share_position":"top","share_float_style":"share-monocrhome","show_share_counter":"0","show_view_counter":"0","show_featured":"1","show_post_meta":"1","show_post_author":"0","show_post_author_image":"1","show_post_date":"1","post_date_format":"default","post_date_format_custom":"Y\/m\/d","show_post_category":"1","show_post_reading_time":"0","post_reading_time_wpm":"300","show_zoom_button":"0","zoom_button_out_step":"2","zoom_button_in_step":"3","show_post_tag":"1","show_prev_next_post":"1","show_popup_post":"1","number_popup_post":"1","show_author_box":"0","show_post_related":"0","show_inline_post_related":"0"}],"override_image_size":"0","image_override":[{"single_post_thumbnail_size":"no-crop","single_post_gallery_size":"crop-715"}],"trending_post":"0","trending_post_position":"meta","trending_post_label":"Trending","sponsored_post":"0","sponsored_post_label":"Sponsored by","sponsored_post_name":"","sponsored_post_url":"","sponsored_post_logo_enable":"0","sponsored_post_logo":"","sponsored_post_desc":"","disable_ad":"0"},"jnews_primary_category":{"id":"","hide":""},"footnotes":""},"categories":[85],"tags":[],"class_list":["post-4346","post","type-post","status-publish","format-standard","has-post-thumbnail","hentry","category-noticias"],"_links":{"self":[{"href":"https:\/\/cidadebaixaonline.com.br\/index.php\/wp-json\/wp\/v2\/posts\/4346","targetHints":{"allow":["GET"]}}],"collection":[{"href":"https:\/\/cidadebaixaonline.com.br\/index.php\/wp-json\/wp\/v2\/posts"}],"about":[{"href":"https:\/\/cidadebaixaonline.com.br\/index.php\/wp-json\/wp\/v2\/types\/post"}],"author":[{"embeddable":true,"href":"https:\/\/cidadebaixaonline.com.br\/index.php\/wp-json\/wp\/v2\/users\/2"}],"replies":[{"embeddable":true,"href":"https:\/\/cidadebaixaonline.com.br\/index.php\/wp-json\/wp\/v2\/comments?post=4346"}],"version-history":[{"count":1,"href":"https:\/\/cidadebaixaonline.com.br\/index.php\/wp-json\/wp\/v2\/posts\/4346\/revisions"}],"predecessor-version":[{"id":4348,"href":"https:\/\/cidadebaixaonline.com.br\/index.php\/wp-json\/wp\/v2\/posts\/4346\/revisions\/4348"}],"wp:featuredmedia":[{"embeddable":true,"href":"https:\/\/cidadebaixaonline.com.br\/index.php\/wp-json\/wp\/v2\/media\/4347"}],"wp:attachment":[{"href":"https:\/\/cidadebaixaonline.com.br\/index.php\/wp-json\/wp\/v2\/media?parent=4346"}],"wp:term":[{"taxonomy":"category","embeddable":true,"href":"https:\/\/cidadebaixaonline.com.br\/index.php\/wp-json\/wp\/v2\/categories?post=4346"},{"taxonomy":"post_tag","embeddable":true,"href":"https:\/\/cidadebaixaonline.com.br\/index.php\/wp-json\/wp\/v2\/tags?post=4346"}],"curies":[{"name":"wp","href":"https:\/\/api.w.org\/{rel}","templated":true}]}}