{"id":4343,"date":"2023-09-22T11:27:05","date_gmt":"2023-09-22T14:27:05","guid":{"rendered":"https:\/\/cidadebaixaonline.com.br\/?p=4343"},"modified":"2023-09-22T11:27:07","modified_gmt":"2023-09-22T14:27:07","slug":"quatro-homens-sao-presos-apos-roubar-cabos-de-aluminio-em-irece","status":"publish","type":"post","link":"https:\/\/cidadebaixaonline.com.br\/index.php\/2023\/09\/22\/quatro-homens-sao-presos-apos-roubar-cabos-de-aluminio-em-irece\/","title":{"rendered":"Quatro homens s\u00e3o presos ap\u00f3s roubar cabos de alum\u00ednio em Irec\u00ea"},"content":{"rendered":"\n<p>Setenta quilos de cabos de alum\u00ednio foram recuperados e quatro homens foram presos com o aux\u00edlio do Sistema de V\u00eddeomonitoramento da Superintend\u00eancia de Telecomunica\u00e7\u00f5es (Stelecom) da Secretaria da Seguran\u00e7a P\u00fablica (SSP). A a\u00e7\u00e3o foi realizada pelo 7\u00ba Batalh\u00e3o da Pol\u00edcia Militar (BPM), no munic\u00edpio de Irec\u00ea, na ter\u00e7a-feira (19).<\/p>\n\n\n\n<p>Uma equipe do 7\u00ba BPM realizava rondas quando foi acionada pelo Centro Integrado de Comunica\u00e7\u00f5es (Cicom) da regi\u00e3o Centro-Norte de Irec\u00ea sobre uma a\u00e7\u00e3o suspeita de quatro homens na subesta\u00e7\u00e3o de energia da Coelba, localizada na rodovia da BA-052. Ao chegar ao local, os PMs n\u00e3o encontraram os suspeitos e buscas foram realizadas na regi\u00e3o.<\/p>\n\n\n\n<p>Com o aux\u00edlio das c\u00e2meras de monitoramento, &nbsp;servidores do Cicom identificaram os suspeitos em uma motocicleta Shinery XY 50cc, sem placa de identifica\u00e7\u00e3o pr\u00f3ximo ao local. Imediatamente foi realizada uma abordagem e os homens foram presos e encaminhados para a 14\u00ba Coordenadoria Regional de Pol\u00edcia do Interior (Coorpin) de Irec\u00ea, onde foram autuados em flagrante por furto.<br>O comandante da unidade, tenente coronel Flailton Frankles Rosa de Oliveira, falou sobre a import\u00e2ncia do uso das c\u00e2meras na a\u00e7\u00e3o da Pol\u00edcia Militar.<\/p>\n\n\n\n<p>\u201cO Cicom \u00e9 como uma b\u00fassola nas nossas a\u00e7\u00f5es. Atrav\u00e9s da tecnologia conseguimos identificar com rapidez e efici\u00eancia a localiza\u00e7\u00e3o dos suspeitos, \u201d disse.<\/p>\n\n\n\n<p>O capit\u00e3o Lourival Travares, coordenador do Cicom Centro-Norte, explicou que a regi\u00e3o j\u00e1 era monitorada devido a faltas de energia ocasionadas por este tipo de a\u00e7\u00e3o criminosa.&nbsp;<\/p>\n\n\n\n<p>\u201c O videomonitoramento \u00e9 uma ferramenta essencial para a Seguran\u00e7a P\u00fablica, principalmente para o interior. A tecnologia nos ajuda a solucionar os crimes com agilidade, \u201d concluiu o capit\u00e3o.<\/p>\n\n\n\n<p>Fonte: TRBN<\/p>\n","protected":false},"excerpt":{"rendered":"<p>Setenta quilos de cabos de alum\u00ednio foram recuperados e quatro homens foram presos com o aux\u00edlio do Sistema de V\u00eddeomonitoramento da Superintend\u00eancia de Telecomunica\u00e7\u00f5es (Stelecom) da Secretaria da Seguran\u00e7a P\u00fablica (SSP). A a\u00e7\u00e3o foi realizada pelo 7\u00ba Batalh\u00e3o da Pol\u00edcia Militar (BPM), no munic\u00edpio de Irec\u00ea, na ter\u00e7a-feira (19). Uma equipe do 7\u00ba BPM realizava [&hellip;]<\/p>\n","protected":false},"author":2,"featured_media":4344,"comment_status":"open","ping_status":"open","sticky":false,"template":"","format":"standard","meta":{"jnews-multi-image_gallery":[],"jnews_single_post":{"subtitle":"","format":"standard","video":"","gallery":"","source_name":"","source_url":"","via_name":"","via_url":"","override_template":"0","override":[{"template":"1","single_blog_custom":"","parallax":"1","fullscreen":"1","layout":"right-sidebar","sidebar":"default-sidebar","second_sidebar":"default-sidebar","sticky_sidebar":"1","share_position":"top","share_float_style":"share-monocrhome","show_share_counter":"0","show_view_counter":"0","show_featured":"1","show_post_meta":"1","show_post_author":"0","show_post_author_image":"1","show_post_date":"1","post_date_format":"default","post_date_format_custom":"Y\/m\/d","show_post_category":"1","show_post_reading_time":"0","post_reading_time_wpm":"300","show_zoom_button":"0","zoom_button_out_step":"2","zoom_button_in_step":"3","show_post_tag":"1","show_prev_next_post":"1","show_popup_post":"1","number_popup_post":"1","show_author_box":"0","show_post_related":"0","show_inline_post_related":"0"}],"override_image_size":"0","image_override":[{"single_post_thumbnail_size":"no-crop","single_post_gallery_size":"crop-715"}],"trending_post":"0","trending_post_position":"meta","trending_post_label":"Trending","sponsored_post":"0","sponsored_post_label":"Sponsored by","sponsored_post_name":"","sponsored_post_url":"","sponsored_post_logo_enable":"0","sponsored_post_logo":"","sponsored_post_desc":"","disable_ad":"0"},"jnews_primary_category":{"id":"","hide":""},"footnotes":""},"categories":[105],"tags":[],"class_list":["post-4343","post","type-post","status-publish","format-standard","has-post-thumbnail","hentry","category-policia"],"_links":{"self":[{"href":"https:\/\/cidadebaixaonline.com.br\/index.php\/wp-json\/wp\/v2\/posts\/4343","targetHints":{"allow":["GET"]}}],"collection":[{"href":"https:\/\/cidadebaixaonline.com.br\/index.php\/wp-json\/wp\/v2\/posts"}],"about":[{"href":"https:\/\/cidadebaixaonline.com.br\/index.php\/wp-json\/wp\/v2\/types\/post"}],"author":[{"embeddable":true,"href":"https:\/\/cidadebaixaonline.com.br\/index.php\/wp-json\/wp\/v2\/users\/2"}],"replies":[{"embeddable":true,"href":"https:\/\/cidadebaixaonline.com.br\/index.php\/wp-json\/wp\/v2\/comments?post=4343"}],"version-history":[{"count":1,"href":"https:\/\/cidadebaixaonline.com.br\/index.php\/wp-json\/wp\/v2\/posts\/4343\/revisions"}],"predecessor-version":[{"id":4345,"href":"https:\/\/cidadebaixaonline.com.br\/index.php\/wp-json\/wp\/v2\/posts\/4343\/revisions\/4345"}],"wp:featuredmedia":[{"embeddable":true,"href":"https:\/\/cidadebaixaonline.com.br\/index.php\/wp-json\/wp\/v2\/media\/4344"}],"wp:attachment":[{"href":"https:\/\/cidadebaixaonline.com.br\/index.php\/wp-json\/wp\/v2\/media?parent=4343"}],"wp:term":[{"taxonomy":"category","embeddable":true,"href":"https:\/\/cidadebaixaonline.com.br\/index.php\/wp-json\/wp\/v2\/categories?post=4343"},{"taxonomy":"post_tag","embeddable":true,"href":"https:\/\/cidadebaixaonline.com.br\/index.php\/wp-json\/wp\/v2\/tags?post=4343"}],"curies":[{"name":"wp","href":"https:\/\/api.w.org\/{rel}","templated":true}]}}