{"id":4305,"date":"2023-09-22T10:06:45","date_gmt":"2023-09-22T13:06:45","guid":{"rendered":"https:\/\/cidadebaixaonline.com.br\/?p=4305"},"modified":"2023-09-22T10:06:46","modified_gmt":"2023-09-22T13:06:46","slug":"veiculo-de-transporte-escolar-bate-em-muro-e-crianca-fica-ferida","status":"publish","type":"post","link":"https:\/\/cidadebaixaonline.com.br\/index.php\/2023\/09\/22\/veiculo-de-transporte-escolar-bate-em-muro-e-crianca-fica-ferida\/","title":{"rendered":"Ve\u00edculo de transporte escolar bate em muro e crian\u00e7a fica ferida"},"content":{"rendered":"\n<p>Uma kombi, que \u00e9 utilizada como ve\u00edculo de transporte escolar, bateu em um muro e deixou uma crian\u00e7a ferida no fim da tarde desta quinta-feira (21), na Rua das Pedrinhas, no bairro de Periperi, na capital baiana. N\u00e3o foi informado sobre o quadro de sa\u00fade dela. As informa\u00e7\u00f5es s\u00e3o da Superintend\u00eancia de Tr\u00e2nsito do Salvador (Transalvador).<\/p>\n\n\n\n<p>Conforme a TV Bahia, 18 crian\u00e7as estavam no ve\u00edculo e sofreram ferimentos leves. Testemunhas contaram que o motorista fugiu logo depois do epis\u00f3dio.&nbsp;<\/p>\n\n\n\n<p>O Servi\u00e7o de Atendimento M\u00f3vel de Urg\u00eancia (Samu) foi acionado e socorreu a crian\u00e7a ferida. As outras crian\u00e7as que ficaram machucadas no acidente foram levadas para uma unidade de sa\u00fade da regi\u00e3o por moradores. N\u00e3o foi informado o local, nem o estado de sa\u00fade de cada uma delas.&nbsp;<\/p>\n\n\n\n<p>O acidente aconteceu por volta das 17h30 e o ve\u00edculo foi retirado por um guincho da Transalvador \u00e0s 18h45.<\/p>\n\n\n\n<p>Fonte: Varela Net <\/p>\n","protected":false},"excerpt":{"rendered":"<p>Uma kombi, que \u00e9 utilizada como ve\u00edculo de transporte escolar, bateu em um muro e deixou uma crian\u00e7a ferida no fim da tarde desta quinta-feira (21), na Rua das Pedrinhas, no bairro de Periperi, na capital baiana. N\u00e3o foi informado sobre o quadro de sa\u00fade dela. As informa\u00e7\u00f5es s\u00e3o da Superintend\u00eancia de Tr\u00e2nsito do Salvador [&hellip;]<\/p>\n","protected":false},"author":2,"featured_media":4306,"comment_status":"open","ping_status":"open","sticky":false,"template":"","format":"standard","meta":{"jnews-multi-image_gallery":[],"jnews_single_post":{"subtitle":"","format":"standard","video":"","gallery":"","source_name":"","source_url":"","via_name":"","via_url":"","override_template":"0","override":[{"template":"1","single_blog_custom":"","parallax":"1","fullscreen":"1","layout":"right-sidebar","sidebar":"default-sidebar","second_sidebar":"default-sidebar","sticky_sidebar":"1","share_position":"top","share_float_style":"share-monocrhome","show_share_counter":"0","show_view_counter":"0","show_featured":"1","show_post_meta":"1","show_post_author":"0","show_post_author_image":"1","show_post_date":"1","post_date_format":"default","post_date_format_custom":"Y\/m\/d","show_post_category":"1","show_post_reading_time":"0","post_reading_time_wpm":"300","show_zoom_button":"0","zoom_button_out_step":"2","zoom_button_in_step":"3","show_post_tag":"1","show_prev_next_post":"1","show_popup_post":"1","number_popup_post":"1","show_author_box":"0","show_post_related":"0","show_inline_post_related":"0"}],"override_image_size":"0","image_override":[{"single_post_thumbnail_size":"no-crop","single_post_gallery_size":"crop-715"}],"trending_post":"0","trending_post_position":"meta","trending_post_label":"Trending","sponsored_post":"0","sponsored_post_label":"Sponsored by","sponsored_post_name":"","sponsored_post_url":"","sponsored_post_logo_enable":"0","sponsored_post_logo":"","sponsored_post_desc":"","disable_ad":"0"},"jnews_primary_category":{"id":"","hide":""},"footnotes":""},"categories":[85],"tags":[],"class_list":["post-4305","post","type-post","status-publish","format-standard","has-post-thumbnail","hentry","category-noticias"],"_links":{"self":[{"href":"https:\/\/cidadebaixaonline.com.br\/index.php\/wp-json\/wp\/v2\/posts\/4305","targetHints":{"allow":["GET"]}}],"collection":[{"href":"https:\/\/cidadebaixaonline.com.br\/index.php\/wp-json\/wp\/v2\/posts"}],"about":[{"href":"https:\/\/cidadebaixaonline.com.br\/index.php\/wp-json\/wp\/v2\/types\/post"}],"author":[{"embeddable":true,"href":"https:\/\/cidadebaixaonline.com.br\/index.php\/wp-json\/wp\/v2\/users\/2"}],"replies":[{"embeddable":true,"href":"https:\/\/cidadebaixaonline.com.br\/index.php\/wp-json\/wp\/v2\/comments?post=4305"}],"version-history":[{"count":1,"href":"https:\/\/cidadebaixaonline.com.br\/index.php\/wp-json\/wp\/v2\/posts\/4305\/revisions"}],"predecessor-version":[{"id":4307,"href":"https:\/\/cidadebaixaonline.com.br\/index.php\/wp-json\/wp\/v2\/posts\/4305\/revisions\/4307"}],"wp:featuredmedia":[{"embeddable":true,"href":"https:\/\/cidadebaixaonline.com.br\/index.php\/wp-json\/wp\/v2\/media\/4306"}],"wp:attachment":[{"href":"https:\/\/cidadebaixaonline.com.br\/index.php\/wp-json\/wp\/v2\/media?parent=4305"}],"wp:term":[{"taxonomy":"category","embeddable":true,"href":"https:\/\/cidadebaixaonline.com.br\/index.php\/wp-json\/wp\/v2\/categories?post=4305"},{"taxonomy":"post_tag","embeddable":true,"href":"https:\/\/cidadebaixaonline.com.br\/index.php\/wp-json\/wp\/v2\/tags?post=4305"}],"curies":[{"name":"wp","href":"https:\/\/api.w.org\/{rel}","templated":true}]}}