{"id":4187,"date":"2023-09-19T11:31:42","date_gmt":"2023-09-19T14:31:42","guid":{"rendered":"https:\/\/cidadebaixaonline.com.br\/?p=4187"},"modified":"2023-09-19T11:31:44","modified_gmt":"2023-09-19T14:31:44","slug":"joao-de-deus-recebe-sentenca-de-mais-de-118-anos-de-prisao-por-crimes-sexuais","status":"publish","type":"post","link":"https:\/\/cidadebaixaonline.com.br\/index.php\/2023\/09\/19\/joao-de-deus-recebe-sentenca-de-mais-de-118-anos-de-prisao-por-crimes-sexuais\/","title":{"rendered":"Jo\u00e3o de Deus recebe senten\u00e7a de mais de 118 anos de pris\u00e3o por crimes sexuais"},"content":{"rendered":"\n<p>O m\u00e9dium Jo\u00e3o Teixeira de Faria, mais conhecido como Jo\u00e3o de Deus, foi condenado &nbsp;nos tr\u00eas \u00faltimos processos por crimes sexuais nesta sexta-feira (15). O juiz Marcos Boechat Lopes Filho, da comarca de Abadi\u00e2nia, sentenciou o m\u00e9dium a mais 118 anos de pris\u00e3o, totalizando 489 anos e 4 meses de reclus\u00e3o.<\/p>\n\n\n\n<p>O advogado Anderson Van Gualberto, que representa Jo\u00e3o Teixeira, declarou em nota que aguarda a intima\u00e7\u00e3o relativa \u00e0s novas senten\u00e7as e que ir\u00e1 recorrer da condena\u00e7\u00e3o. De acordo com informa\u00e7\u00f5es do Tribunal de Justi\u00e7a de Goi\u00e1s (TJ-GO), o m\u00e9dium foi denunciado por crimes contra 66 v\u00edtimas e condenado em rela\u00e7\u00e3o a 56 delas.<\/p>\n\n\n\n<p>Al\u00e9m da pena de pris\u00e3o, Jo\u00e3o de Deus tamb\u00e9m foi sentenciado a pagar at\u00e9 R$ 100 mil em indeniza\u00e7\u00f5es por danos morais \u00e0s v\u00edtimas. O TJ-GO informa que todas as 17 a\u00e7\u00f5es penais contra ele foram julgadas em primeira inst\u00e2ncia. \u00a0Atualmente, o m\u00e9dium est\u00e1 em pris\u00e3o domiciliar devido a uma decis\u00e3o em segunda inst\u00e2ncia.<\/p>\n\n\n\n<p>Fonte: Varela Net <\/p>\n","protected":false},"excerpt":{"rendered":"<p>O m\u00e9dium Jo\u00e3o Teixeira de Faria, mais conhecido como Jo\u00e3o de Deus, foi condenado &nbsp;nos tr\u00eas \u00faltimos processos por crimes sexuais nesta sexta-feira (15). O juiz Marcos Boechat Lopes Filho, da comarca de Abadi\u00e2nia, sentenciou o m\u00e9dium a mais 118 anos de pris\u00e3o, totalizando 489 anos e 4 meses de reclus\u00e3o. O advogado Anderson Van [&hellip;]<\/p>\n","protected":false},"author":2,"featured_media":4188,"comment_status":"open","ping_status":"open","sticky":false,"template":"","format":"standard","meta":{"jnews-multi-image_gallery":[],"jnews_single_post":{"subtitle":"","format":"standard","video":"","gallery":"","source_name":"","source_url":"","via_name":"","via_url":"","override_template":"0","override":[{"template":"1","single_blog_custom":"","parallax":"1","fullscreen":"1","layout":"right-sidebar","sidebar":"default-sidebar","second_sidebar":"default-sidebar","sticky_sidebar":"1","share_position":"top","share_float_style":"share-monocrhome","show_share_counter":"0","show_view_counter":"0","show_featured":"1","show_post_meta":"1","show_post_author":"0","show_post_author_image":"1","show_post_date":"1","post_date_format":"default","post_date_format_custom":"Y\/m\/d","show_post_category":"1","show_post_reading_time":"0","post_reading_time_wpm":"300","show_zoom_button":"0","zoom_button_out_step":"2","zoom_button_in_step":"3","show_post_tag":"1","show_prev_next_post":"1","show_popup_post":"1","number_popup_post":"1","show_author_box":"0","show_post_related":"0","show_inline_post_related":"0"}],"override_image_size":"0","image_override":[{"single_post_thumbnail_size":"no-crop","single_post_gallery_size":"crop-715"}],"trending_post":"0","trending_post_position":"meta","trending_post_label":"Trending","sponsored_post":"0","sponsored_post_label":"Sponsored by","sponsored_post_name":"","sponsored_post_url":"","sponsored_post_logo_enable":"0","sponsored_post_logo":"","sponsored_post_desc":"","disable_ad":"0"},"jnews_primary_category":{"id":"","hide":""},"footnotes":""},"categories":[107],"tags":[],"class_list":["post-4187","post","type-post","status-publish","format-standard","has-post-thumbnail","hentry","category-justica"],"_links":{"self":[{"href":"https:\/\/cidadebaixaonline.com.br\/index.php\/wp-json\/wp\/v2\/posts\/4187","targetHints":{"allow":["GET"]}}],"collection":[{"href":"https:\/\/cidadebaixaonline.com.br\/index.php\/wp-json\/wp\/v2\/posts"}],"about":[{"href":"https:\/\/cidadebaixaonline.com.br\/index.php\/wp-json\/wp\/v2\/types\/post"}],"author":[{"embeddable":true,"href":"https:\/\/cidadebaixaonline.com.br\/index.php\/wp-json\/wp\/v2\/users\/2"}],"replies":[{"embeddable":true,"href":"https:\/\/cidadebaixaonline.com.br\/index.php\/wp-json\/wp\/v2\/comments?post=4187"}],"version-history":[{"count":1,"href":"https:\/\/cidadebaixaonline.com.br\/index.php\/wp-json\/wp\/v2\/posts\/4187\/revisions"}],"predecessor-version":[{"id":4189,"href":"https:\/\/cidadebaixaonline.com.br\/index.php\/wp-json\/wp\/v2\/posts\/4187\/revisions\/4189"}],"wp:featuredmedia":[{"embeddable":true,"href":"https:\/\/cidadebaixaonline.com.br\/index.php\/wp-json\/wp\/v2\/media\/4188"}],"wp:attachment":[{"href":"https:\/\/cidadebaixaonline.com.br\/index.php\/wp-json\/wp\/v2\/media?parent=4187"}],"wp:term":[{"taxonomy":"category","embeddable":true,"href":"https:\/\/cidadebaixaonline.com.br\/index.php\/wp-json\/wp\/v2\/categories?post=4187"},{"taxonomy":"post_tag","embeddable":true,"href":"https:\/\/cidadebaixaonline.com.br\/index.php\/wp-json\/wp\/v2\/tags?post=4187"}],"curies":[{"name":"wp","href":"https:\/\/api.w.org\/{rel}","templated":true}]}}