{"id":4163,"date":"2023-09-15T11:01:40","date_gmt":"2023-09-15T14:01:40","guid":{"rendered":"https:\/\/cidadebaixaonline.com.br\/?p=4163"},"modified":"2023-09-15T11:01:42","modified_gmt":"2023-09-15T14:01:42","slug":"presidente-do-senado-apresenta-pec-para-criminalizar-porte-de-drogas-em-qualquer-quantidade","status":"publish","type":"post","link":"https:\/\/cidadebaixaonline.com.br\/index.php\/2023\/09\/15\/presidente-do-senado-apresenta-pec-para-criminalizar-porte-de-drogas-em-qualquer-quantidade\/","title":{"rendered":"Presidente do Senado apresenta PEC para criminalizar porte de drogas em qualquer quantidade"},"content":{"rendered":"\n<p>Seguindo\u00a0na contram\u00e3o\u00a0da\u00a0tend\u00eancia do STF (Supremo Tribunal Federal), o presidente do Senado, Rodrigo Pacheco (PSD), protocolou nesta quinta-feira (14), uma Proposta de Emenda \u00e0 Constitui\u00e7\u00e3o (PEC) para considerar como crime a posse e o porte de drogas, sem autoriza\u00e7\u00e3o, independentemente da quantidade.<\/p>\n\n\n\n<p>Atualmente, o STF\u00a0julga\u00a0a\u00a0descriminaliza\u00e7\u00e3o\u00a0da maconha para uso pessoal, com placar de 5 a 1 a favor da descriminaliza\u00e7\u00e3o.\u00a0<\/p>\n\n\n\n<p>A PEC proposta por Pacheco conta com uma altera\u00e7\u00e3o de um inciso no artigo 5\u00ba que garante os direitos fundamentais da comunidade brasileira, como o direito \u00e0 vida, igualdade, liberdade, propriedade e \u00e0 seguran\u00e7a. A ideia do presidente do Senado, \u00e9 incluir o seguinte inciso nesse artigo:<\/p>\n\n\n\n<p>\u201cA lei considerar\u00e1 crime a posse e o porte, independentemente da quantidade, de entorpecentes e drogas afins sem autoriza\u00e7\u00e3o ou em desacordo com determina\u00e7\u00e3o legal ou regulamentar\u201d.<\/p>\n\n\n\n<p>Em 2006, o Congresso aprovou a Lei Antidroga, que excluiu a pena de pris\u00e3o para o porte de qualquer droga para consumo pessoal. A lei diferencia o tr\u00e1fico de uso pessoal, mas n\u00e3o tem crit\u00e9rios para essa separa\u00e7\u00e3o. <\/p>\n\n\n\n<p>Fonte: Metro1<\/p>\n","protected":false},"excerpt":{"rendered":"<p>Seguindo\u00a0na contram\u00e3o\u00a0da\u00a0tend\u00eancia do STF (Supremo Tribunal Federal), o presidente do Senado, Rodrigo Pacheco (PSD), protocolou nesta quinta-feira (14), uma Proposta de Emenda \u00e0 Constitui\u00e7\u00e3o (PEC) para considerar como crime a posse e o porte de drogas, sem autoriza\u00e7\u00e3o, independentemente da quantidade. Atualmente, o STF\u00a0julga\u00a0a\u00a0descriminaliza\u00e7\u00e3o\u00a0da maconha para uso pessoal, com placar de 5 a 1 a [&hellip;]<\/p>\n","protected":false},"author":2,"featured_media":4164,"comment_status":"open","ping_status":"open","sticky":false,"template":"","format":"standard","meta":{"jnews-multi-image_gallery":[],"jnews_single_post":{"subtitle":"","format":"standard","video":"","gallery":"","source_name":"","source_url":"","via_name":"","via_url":"","override_template":"0","override":[{"template":"1","single_blog_custom":"","parallax":"1","fullscreen":"1","layout":"right-sidebar","sidebar":"default-sidebar","second_sidebar":"default-sidebar","sticky_sidebar":"1","share_position":"top","share_float_style":"share-monocrhome","show_share_counter":"0","show_view_counter":"0","show_featured":"1","show_post_meta":"1","show_post_author":"0","show_post_author_image":"1","show_post_date":"1","post_date_format":"default","post_date_format_custom":"Y\/m\/d","show_post_category":"1","show_post_reading_time":"0","post_reading_time_wpm":"300","show_zoom_button":"0","zoom_button_out_step":"2","zoom_button_in_step":"3","show_post_tag":"1","show_prev_next_post":"1","show_popup_post":"1","number_popup_post":"1","show_author_box":"0","show_post_related":"0","show_inline_post_related":"0"}],"override_image_size":"0","image_override":[{"single_post_thumbnail_size":"no-crop","single_post_gallery_size":"crop-715"}],"trending_post":"0","trending_post_position":"meta","trending_post_label":"Trending","sponsored_post":"0","sponsored_post_label":"Sponsored by","sponsored_post_name":"","sponsored_post_url":"","sponsored_post_logo_enable":"0","sponsored_post_logo":"","sponsored_post_desc":"","disable_ad":"0"},"jnews_primary_category":{"id":"","hide":""},"footnotes":""},"categories":[85],"tags":[],"class_list":["post-4163","post","type-post","status-publish","format-standard","has-post-thumbnail","hentry","category-noticias"],"_links":{"self":[{"href":"https:\/\/cidadebaixaonline.com.br\/index.php\/wp-json\/wp\/v2\/posts\/4163","targetHints":{"allow":["GET"]}}],"collection":[{"href":"https:\/\/cidadebaixaonline.com.br\/index.php\/wp-json\/wp\/v2\/posts"}],"about":[{"href":"https:\/\/cidadebaixaonline.com.br\/index.php\/wp-json\/wp\/v2\/types\/post"}],"author":[{"embeddable":true,"href":"https:\/\/cidadebaixaonline.com.br\/index.php\/wp-json\/wp\/v2\/users\/2"}],"replies":[{"embeddable":true,"href":"https:\/\/cidadebaixaonline.com.br\/index.php\/wp-json\/wp\/v2\/comments?post=4163"}],"version-history":[{"count":1,"href":"https:\/\/cidadebaixaonline.com.br\/index.php\/wp-json\/wp\/v2\/posts\/4163\/revisions"}],"predecessor-version":[{"id":4165,"href":"https:\/\/cidadebaixaonline.com.br\/index.php\/wp-json\/wp\/v2\/posts\/4163\/revisions\/4165"}],"wp:featuredmedia":[{"embeddable":true,"href":"https:\/\/cidadebaixaonline.com.br\/index.php\/wp-json\/wp\/v2\/media\/4164"}],"wp:attachment":[{"href":"https:\/\/cidadebaixaonline.com.br\/index.php\/wp-json\/wp\/v2\/media?parent=4163"}],"wp:term":[{"taxonomy":"category","embeddable":true,"href":"https:\/\/cidadebaixaonline.com.br\/index.php\/wp-json\/wp\/v2\/categories?post=4163"},{"taxonomy":"post_tag","embeddable":true,"href":"https:\/\/cidadebaixaonline.com.br\/index.php\/wp-json\/wp\/v2\/tags?post=4163"}],"curies":[{"name":"wp","href":"https:\/\/api.w.org\/{rel}","templated":true}]}}