{"id":4160,"date":"2023-09-15T10:48:36","date_gmt":"2023-09-15T13:48:36","guid":{"rendered":"https:\/\/cidadebaixaonline.com.br\/?p=4160"},"modified":"2023-09-15T10:48:38","modified_gmt":"2023-09-15T13:48:38","slug":"uber-e-condenada-a-pagar-r-1-bi-e-reconhecer-vinculo-de-emprego-com-motoristas-de-plataforma","status":"publish","type":"post","link":"https:\/\/cidadebaixaonline.com.br\/index.php\/2023\/09\/15\/uber-e-condenada-a-pagar-r-1-bi-e-reconhecer-vinculo-de-emprego-com-motoristas-de-plataforma\/","title":{"rendered":"Uber \u00e9 condenada a pagar R$ 1 bi e reconhecer v\u00ednculo de emprego com motoristas de plataforma"},"content":{"rendered":"\n<p>A Justi\u00e7a do Trabalho, atrav\u00e9s do juiz Mauricio Pereira Sim\u00f5es, da 4\u00aa Vara do Trabalho de S\u00e3o Paulo, condeceu uma decis\u00e3o hist\u00f3rica para os motoristas de aplicativos que rodam no Brasil. Em A\u00e7\u00e3o civil P\u00fablica proposta pelo Minist\u00e9rio P\u00fablico do Trabalho contra a Uber, o juiz reconheceu a rela\u00e7\u00e3o de emprego entre a empresa e os motoristas vinculados a plataforma.<\/p>\n\n\n\n<p>Na decis\u00e3o o juiz condenou a Uber a efetivar os registros na Carteira de Trabalho na condi\u00e7\u00e3o de empregados, de todos os motoristas ativos, bem como os que vierem a ser contratados a partir da decis\u00e3o, sob pena de multa di\u00e1ria de R$10 mil para cada motorista n\u00e3o registrado.<\/p>\n\n\n\n<p>&#8220;A obriga\u00e7\u00e3o de fazer dever\u00e1 ser cumprida no prazo de 6 meses, a contar do tr\u00e2nsito em julgado e intima\u00e7\u00e3o para in\u00edcio de prazo, o que se mostra adequado e suficiente para uma empresa do porte da R\u00e9&#8221;.<\/p>\n\n\n\n<p>A senten\u00e7a ainda estabelece que a Uber ter\u00e1 que indicar quantos motoristas est\u00e3o ativos e comprovar 1\/6 da regulariza\u00e7\u00e3o dos motoristas por m\u00eas, at\u00e9 o limite de seis meses.<\/p>\n\n\n\n<p>A\u00a0Uber\u00a0ainda foi condenada ao pagamento de dano moral coletivo em R$ 1 bilh\u00e3o. Os valores dos danos ser\u00e3o destinados para o Fundo de Amparo ao Trabalhador na propor\u00e7\u00e3o de 90%, sendo os demais 10% para as associa\u00e7\u00f5es de motoristas por aplicativos que tenham registro em cart\u00f3rio e constitui\u00e7\u00e3o social regular, em cotas iguais e de tantas quantas forem encontradas pelo Minist\u00e9rio P\u00fablico do Trabalho no Brasil.\u00a0<\/p>\n\n\n\n<p><strong>A A\u00c7\u00c3O<\/strong><\/p>\n\n\n\n<p>Os Procuracodres do Minist\u00e9rio P\u00fablico argumentaram na a\u00e7\u00e3o que h\u00e1 exist\u00eancia de v\u00ednculo entre a Uber e seus motoristas e requeraram que a empresa registrasse seus motoristas. A a\u00e7\u00e3o foi proposta ap\u00f3s den\u00fancia da Associa\u00e7\u00e3o dos Motoristas Aut\u00f4nomos de Aplicativos (AMAA).<\/p>\n\n\n\n<p>Na senten\u00e7a, o juiz indaga que o &#8221; limite objetivo da lide est\u00e1 circunscrito a dois aspectos controvertidos a respeito da atividade empresarial da R\u00e9, trazidos pela inicial e pela defesa, respectivamente:&nbsp;<strong>transporte ou tecnologia<\/strong>&nbsp;(plataforma de intermedia\u00e7\u00e3o digital)?<\/p>\n\n\n\n<p>Na pr\u00f3pria decis\u00e3o, o magistrado esclarece que &#8220;n\u00e3o haveria outro motivo para se denominar os trabalhadores de motoristas, se uma das atividades ofertadas pela R\u00e9 n\u00e3o fosse de transporte de passageiros. Empresa de tecnologia n\u00e3o debate atividade principal a partir da fun\u00e7\u00e3o de motoristas de seus trabalhadores&#8221;.<\/p>\n\n\n\n<p>O Juiz ainda reconhece que somente podem trabalhar com a R\u00e9 os motoristas cadastrados, assim, o controle das pessoas que ir\u00e3o prestar os servi\u00e7os \u00e9 feito direta e exclusivamente pela R\u00e9. O juiz ainda aponta diversos outros elementos que caracterizam a rela\u00e7\u00e3o de empregado e empregador.<\/p>\n\n\n\n<p>Agora, cabe recurso \u00e0 decis\u00e3o.<\/p>\n\n\n\n<p>Fonte: Bnews <\/p>\n\n\n\n<p><\/p>\n","protected":false},"excerpt":{"rendered":"<p>A Justi\u00e7a do Trabalho, atrav\u00e9s do juiz Mauricio Pereira Sim\u00f5es, da 4\u00aa Vara do Trabalho de S\u00e3o Paulo, condeceu uma decis\u00e3o hist\u00f3rica para os motoristas de aplicativos que rodam no Brasil. Em A\u00e7\u00e3o civil P\u00fablica proposta pelo Minist\u00e9rio P\u00fablico do Trabalho contra a Uber, o juiz reconheceu a rela\u00e7\u00e3o de emprego entre a empresa e [&hellip;]<\/p>\n","protected":false},"author":2,"featured_media":4161,"comment_status":"open","ping_status":"open","sticky":false,"template":"","format":"standard","meta":{"jnews-multi-image_gallery":[],"jnews_single_post":{"subtitle":"","format":"standard","video":"","gallery":"","source_name":"","source_url":"","via_name":"","via_url":"","override_template":"0","override":[{"template":"1","single_blog_custom":"","parallax":"1","fullscreen":"1","layout":"right-sidebar","sidebar":"default-sidebar","second_sidebar":"default-sidebar","sticky_sidebar":"1","share_position":"top","share_float_style":"share-monocrhome","show_share_counter":"0","show_view_counter":"0","show_featured":"1","show_post_meta":"1","show_post_author":"0","show_post_author_image":"1","show_post_date":"1","post_date_format":"default","post_date_format_custom":"Y\/m\/d","show_post_category":"1","show_post_reading_time":"0","post_reading_time_wpm":"300","show_zoom_button":"0","zoom_button_out_step":"2","zoom_button_in_step":"3","show_post_tag":"1","show_prev_next_post":"1","show_popup_post":"1","number_popup_post":"1","show_author_box":"0","show_post_related":"0","show_inline_post_related":"0"}],"override_image_size":"0","image_override":[{"single_post_thumbnail_size":"no-crop","single_post_gallery_size":"crop-715"}],"trending_post":"0","trending_post_position":"meta","trending_post_label":"Trending","sponsored_post":"0","sponsored_post_label":"Sponsored by","sponsored_post_name":"","sponsored_post_url":"","sponsored_post_logo_enable":"0","sponsored_post_logo":"","sponsored_post_desc":"","disable_ad":"0"},"jnews_primary_category":{"id":"","hide":""},"footnotes":""},"categories":[107],"tags":[],"class_list":["post-4160","post","type-post","status-publish","format-standard","has-post-thumbnail","hentry","category-justica"],"_links":{"self":[{"href":"https:\/\/cidadebaixaonline.com.br\/index.php\/wp-json\/wp\/v2\/posts\/4160","targetHints":{"allow":["GET"]}}],"collection":[{"href":"https:\/\/cidadebaixaonline.com.br\/index.php\/wp-json\/wp\/v2\/posts"}],"about":[{"href":"https:\/\/cidadebaixaonline.com.br\/index.php\/wp-json\/wp\/v2\/types\/post"}],"author":[{"embeddable":true,"href":"https:\/\/cidadebaixaonline.com.br\/index.php\/wp-json\/wp\/v2\/users\/2"}],"replies":[{"embeddable":true,"href":"https:\/\/cidadebaixaonline.com.br\/index.php\/wp-json\/wp\/v2\/comments?post=4160"}],"version-history":[{"count":1,"href":"https:\/\/cidadebaixaonline.com.br\/index.php\/wp-json\/wp\/v2\/posts\/4160\/revisions"}],"predecessor-version":[{"id":4162,"href":"https:\/\/cidadebaixaonline.com.br\/index.php\/wp-json\/wp\/v2\/posts\/4160\/revisions\/4162"}],"wp:featuredmedia":[{"embeddable":true,"href":"https:\/\/cidadebaixaonline.com.br\/index.php\/wp-json\/wp\/v2\/media\/4161"}],"wp:attachment":[{"href":"https:\/\/cidadebaixaonline.com.br\/index.php\/wp-json\/wp\/v2\/media?parent=4160"}],"wp:term":[{"taxonomy":"category","embeddable":true,"href":"https:\/\/cidadebaixaonline.com.br\/index.php\/wp-json\/wp\/v2\/categories?post=4160"},{"taxonomy":"post_tag","embeddable":true,"href":"https:\/\/cidadebaixaonline.com.br\/index.php\/wp-json\/wp\/v2\/tags?post=4160"}],"curies":[{"name":"wp","href":"https:\/\/api.w.org\/{rel}","templated":true}]}}