{"id":4157,"date":"2023-09-15T10:33:15","date_gmt":"2023-09-15T13:33:15","guid":{"rendered":"https:\/\/cidadebaixaonline.com.br\/?p=4157"},"modified":"2023-09-15T10:33:17","modified_gmt":"2023-09-15T13:33:17","slug":"plano-inclinado-liberdade-calcada-tera-funcionamento-interrompido-para-manutencao","status":"publish","type":"post","link":"https:\/\/cidadebaixaonline.com.br\/index.php\/2023\/09\/15\/plano-inclinado-liberdade-calcada-tera-funcionamento-interrompido-para-manutencao\/","title":{"rendered":"Plano Inclinado Liberdade-Cal\u00e7ada ter\u00e1 funcionamento interrompido para manuten\u00e7\u00e3o"},"content":{"rendered":"\n<p>O Plano Inclinado Liberdade-Cal\u00e7ada ter\u00e1 o seu funcionamento suspenso a partir das 14h desta sexta (15) para realiza\u00e7\u00e3o de manuten\u00e7\u00e3o. Ser\u00e3o realizados reparos e substitui\u00e7\u00e3o de pe\u00e7as na parte el\u00e9trica do ascensor que voltar\u00e1 a operar na segunda (18). Como alternativa, os usu\u00e1rios poder\u00e3o utilizar a frota convencional de \u00f4nibus. Quem estiver na Liberdade e desejar ir at\u00e9 o bairro da Cal\u00e7ada tem op\u00e7\u00e3o de seguir para o Largo do Tanque e integrar com as seguintes linhas:<\/p>\n\n\n\n<p>0321 &#8211; Marechal Rondon x Barra<br>0321-02 &#8211; Marechal Rondon x Campo Grande<br>0313 &#8211; Fazenda Grande do Retiro x Barra<br>0313-02 &#8211; Fazenda Grande do Retiro x Campo Grande<br>1505 &#8211; Piraj\u00e1\/RV x Barra<\/p>\n\n\n\n<p>J\u00e1 quem vem da Cal\u00e7ada, pode seguir at\u00e9 o Largo do Tanque e retornar para a Liberdade utilizando as linhas:<\/p>\n\n\n\n<p>0310 &#8211; Barroquinha x Aeroporto<br>1327 &#8211; Esta\u00e7\u00e3o Piraj\u00e1 x Baixa dos Sapateiros \/Barroquinha<br>1511 &#8211; Conjunto Piraj\u00e1 1 x Engenho Velho da Federa\u00e7\u00e3o<br>1606 &#8211; Paripe x Baixa do Sapateiro\/Barroquinha<\/p>\n\n\n\n<p>Fonte: TRBN<\/p>\n","protected":false},"excerpt":{"rendered":"<p>O Plano Inclinado Liberdade-Cal\u00e7ada ter\u00e1 o seu funcionamento suspenso a partir das 14h desta sexta (15) para realiza\u00e7\u00e3o de manuten\u00e7\u00e3o. Ser\u00e3o realizados reparos e substitui\u00e7\u00e3o de pe\u00e7as na parte el\u00e9trica do ascensor que voltar\u00e1 a operar na segunda (18). Como alternativa, os usu\u00e1rios poder\u00e3o utilizar a frota convencional de \u00f4nibus. Quem estiver na Liberdade e [&hellip;]<\/p>\n","protected":false},"author":2,"featured_media":4158,"comment_status":"open","ping_status":"open","sticky":false,"template":"","format":"standard","meta":{"jnews-multi-image_gallery":[],"jnews_single_post":{"subtitle":"","format":"standard","video":"","gallery":"","source_name":"","source_url":"","via_name":"","via_url":"","override_template":"0","override":[{"template":"1","single_blog_custom":"","parallax":"1","fullscreen":"1","layout":"right-sidebar","sidebar":"default-sidebar","second_sidebar":"default-sidebar","sticky_sidebar":"1","share_position":"top","share_float_style":"share-monocrhome","show_share_counter":"0","show_view_counter":"0","show_featured":"1","show_post_meta":"1","show_post_author":"0","show_post_author_image":"1","show_post_date":"1","post_date_format":"default","post_date_format_custom":"Y\/m\/d","show_post_category":"1","show_post_reading_time":"0","post_reading_time_wpm":"300","show_zoom_button":"0","zoom_button_out_step":"2","zoom_button_in_step":"3","show_post_tag":"1","show_prev_next_post":"1","show_popup_post":"1","number_popup_post":"1","show_author_box":"0","show_post_related":"0","show_inline_post_related":"0"}],"override_image_size":"0","image_override":[{"single_post_thumbnail_size":"no-crop","single_post_gallery_size":"crop-715"}],"trending_post":"0","trending_post_position":"meta","trending_post_label":"Trending","sponsored_post":"0","sponsored_post_label":"Sponsored by","sponsored_post_name":"","sponsored_post_url":"","sponsored_post_logo_enable":"0","sponsored_post_logo":"","sponsored_post_desc":"","disable_ad":"0"},"jnews_primary_category":{"id":"","hide":""},"footnotes":""},"categories":[85],"tags":[],"class_list":["post-4157","post","type-post","status-publish","format-standard","has-post-thumbnail","hentry","category-noticias"],"_links":{"self":[{"href":"https:\/\/cidadebaixaonline.com.br\/index.php\/wp-json\/wp\/v2\/posts\/4157","targetHints":{"allow":["GET"]}}],"collection":[{"href":"https:\/\/cidadebaixaonline.com.br\/index.php\/wp-json\/wp\/v2\/posts"}],"about":[{"href":"https:\/\/cidadebaixaonline.com.br\/index.php\/wp-json\/wp\/v2\/types\/post"}],"author":[{"embeddable":true,"href":"https:\/\/cidadebaixaonline.com.br\/index.php\/wp-json\/wp\/v2\/users\/2"}],"replies":[{"embeddable":true,"href":"https:\/\/cidadebaixaonline.com.br\/index.php\/wp-json\/wp\/v2\/comments?post=4157"}],"version-history":[{"count":1,"href":"https:\/\/cidadebaixaonline.com.br\/index.php\/wp-json\/wp\/v2\/posts\/4157\/revisions"}],"predecessor-version":[{"id":4159,"href":"https:\/\/cidadebaixaonline.com.br\/index.php\/wp-json\/wp\/v2\/posts\/4157\/revisions\/4159"}],"wp:featuredmedia":[{"embeddable":true,"href":"https:\/\/cidadebaixaonline.com.br\/index.php\/wp-json\/wp\/v2\/media\/4158"}],"wp:attachment":[{"href":"https:\/\/cidadebaixaonline.com.br\/index.php\/wp-json\/wp\/v2\/media?parent=4157"}],"wp:term":[{"taxonomy":"category","embeddable":true,"href":"https:\/\/cidadebaixaonline.com.br\/index.php\/wp-json\/wp\/v2\/categories?post=4157"},{"taxonomy":"post_tag","embeddable":true,"href":"https:\/\/cidadebaixaonline.com.br\/index.php\/wp-json\/wp\/v2\/tags?post=4157"}],"curies":[{"name":"wp","href":"https:\/\/api.w.org\/{rel}","templated":true}]}}