{"id":4154,"date":"2023-09-15T10:22:56","date_gmt":"2023-09-15T13:22:56","guid":{"rendered":"https:\/\/cidadebaixaonline.com.br\/?p=4154"},"modified":"2023-09-15T10:22:58","modified_gmt":"2023-09-15T13:22:58","slug":"blogueira-que-foi-sequestrada-e-teve-cabelo-raspado-fala-pela-primeira-vez-muito-medo","status":"publish","type":"post","link":"https:\/\/cidadebaixaonline.com.br\/index.php\/2023\/09\/15\/blogueira-que-foi-sequestrada-e-teve-cabelo-raspado-fala-pela-primeira-vez-muito-medo\/","title":{"rendered":"Blogueira que foi sequestrada e teve cabelo raspado fala pela primeira vez: \u201cMuito medo\u201d"},"content":{"rendered":"\n<p>A influenciadora digital Alexia Silva, conhecida nas redes sociais por \u201cAlee\u201d,\u00a0que foi alvo de sequestro, extors\u00e3o e viol\u00eancia\u00a0na madrugada da \u00faltima quarta-feira (13), falou pela primeira vez em seu perfil oficial no Instagram.<\/p>\n\n\n\n<p>\u201cGente, n\u00e3o apareci aqui ainda por que estou sem celular, desde ontem s\u00f3 agora consegui entrar na minha conta!\u201d, avisou a influenciadora.&nbsp;<\/p>\n\n\n\n<p>Moradora da Cidade Baixa, em Salvador, Alexia\u00a0apareceu com a cabe\u00e7a raspada\u00a0momentos ap\u00f3s sofrer um sequestro na capital baiana.<\/p>\n\n\n\n<p>\u201cEstou muito abalada emocionalmente mas tentando seguir minha vida porque o importante \u00e9 que estou com vida! N\u00e3o vou falar detalhes sobre nada aqui porque ainda estou com muito medo! Estou sem celular. Assim que conseguir outro apare\u00e7o aqui trazendo minha alegria de novo pra voc\u00eas\u201d, concluiu.&nbsp;<\/p>\n\n\n\n<p><img decoding=\"async\" alt=\"\" src=\"https:\/\/www.bahianoticias.com.br\/fotos\/holofote_noticias\/71092\/mg\/Captura%20de%20tela%202023-09-15%20090056.png\"><br>Foto: Reprodu\u00e7\u00e3o\/Redes Sociais<\/p>\n\n\n\n<p>Horas ap\u00f3s o comunicado, uma amiga de Alexia publicou no perfil da influenciadora que a levou para sair na inten\u00e7\u00e3o de fazer a blogueira se distrair, mas relatou que ela se sentiu insegura nas ruas.&nbsp;<\/p>\n\n\n\n<p>\u201cTotalmente assustada na rua, com medo de tudo, medo do Uber, olhando pra ver se n\u00e3o est\u00e1vamos sendo seguidas, e agora t\u00e1 aqui voltando pra casa chorando assustada e dizendo q est\u00e1 com uma sensa\u00e7\u00e3o ruim! Um trauma se manifesta de diversas formas! N\u00e3o julguem\u201d, escreveu.<\/p>\n\n\n\n<p><img decoding=\"async\" alt=\"\" src=\"https:\/\/www.bahianoticias.com.br\/fotos\/holofote_noticias\/71092\/mg\/Captura%20de%20tela%202023-09-15%20090132.png\"><br>Foto: Reprodu\u00e7\u00e3o\/Redes Sociais<\/p>\n\n\n\n<p>De acordo com a Pol\u00edcia Civil, Alexia foi v\u00edtima de uma extors\u00e3o mediante sequestro e foi liberada pelos bandidos na quarta-feira (13). A influenciadora foi ouvida na Coordena\u00e7\u00e3o de Repress\u00e3o \u00e0 Extors\u00e3o Mediante Sequestro do Departamento Especializado de Investiga\u00e7\u00f5es Criminais (Deic).<\/p>\n\n\n\n<p><br>Foto: Reprodu\u00e7\u00e3o\/Redes Sociais<\/p>\n\n\n\n<p>Fonte: Bahia Not\u00edcias <\/p>\n","protected":false},"excerpt":{"rendered":"<p>A influenciadora digital Alexia Silva, conhecida nas redes sociais por \u201cAlee\u201d,\u00a0que foi alvo de sequestro, extors\u00e3o e viol\u00eancia\u00a0na madrugada da \u00faltima quarta-feira (13), falou pela primeira vez em seu perfil oficial no Instagram. \u201cGente, n\u00e3o apareci aqui ainda por que estou sem celular, desde ontem s\u00f3 agora consegui entrar na minha conta!\u201d, avisou a influenciadora.&nbsp; [&hellip;]<\/p>\n","protected":false},"author":2,"featured_media":4155,"comment_status":"open","ping_status":"open","sticky":false,"template":"","format":"standard","meta":{"jnews-multi-image_gallery":[],"jnews_single_post":{"subtitle":"","format":"standard","video":"","gallery":"","source_name":"","source_url":"","via_name":"","via_url":"","override_template":"0","override":[{"template":"1","single_blog_custom":"","parallax":"1","fullscreen":"1","layout":"right-sidebar","sidebar":"default-sidebar","second_sidebar":"default-sidebar","sticky_sidebar":"1","share_position":"top","share_float_style":"share-monocrhome","show_share_counter":"0","show_view_counter":"0","show_featured":"1","show_post_meta":"1","show_post_author":"0","show_post_author_image":"1","show_post_date":"1","post_date_format":"default","post_date_format_custom":"Y\/m\/d","show_post_category":"1","show_post_reading_time":"0","post_reading_time_wpm":"300","show_zoom_button":"0","zoom_button_out_step":"2","zoom_button_in_step":"3","show_post_tag":"1","show_prev_next_post":"1","show_popup_post":"1","number_popup_post":"1","show_author_box":"0","show_post_related":"0","show_inline_post_related":"0"}],"override_image_size":"0","image_override":[{"single_post_thumbnail_size":"no-crop","single_post_gallery_size":"crop-715"}],"trending_post":"0","trending_post_position":"meta","trending_post_label":"Trending","sponsored_post":"0","sponsored_post_label":"Sponsored by","sponsored_post_name":"","sponsored_post_url":"","sponsored_post_logo_enable":"0","sponsored_post_logo":"","sponsored_post_desc":"","disable_ad":"0"},"jnews_primary_category":{"id":"","hide":""},"footnotes":""},"categories":[93],"tags":[],"class_list":["post-4154","post","type-post","status-publish","format-standard","has-post-thumbnail","hentry","category-entretenimento"],"_links":{"self":[{"href":"https:\/\/cidadebaixaonline.com.br\/index.php\/wp-json\/wp\/v2\/posts\/4154","targetHints":{"allow":["GET"]}}],"collection":[{"href":"https:\/\/cidadebaixaonline.com.br\/index.php\/wp-json\/wp\/v2\/posts"}],"about":[{"href":"https:\/\/cidadebaixaonline.com.br\/index.php\/wp-json\/wp\/v2\/types\/post"}],"author":[{"embeddable":true,"href":"https:\/\/cidadebaixaonline.com.br\/index.php\/wp-json\/wp\/v2\/users\/2"}],"replies":[{"embeddable":true,"href":"https:\/\/cidadebaixaonline.com.br\/index.php\/wp-json\/wp\/v2\/comments?post=4154"}],"version-history":[{"count":1,"href":"https:\/\/cidadebaixaonline.com.br\/index.php\/wp-json\/wp\/v2\/posts\/4154\/revisions"}],"predecessor-version":[{"id":4156,"href":"https:\/\/cidadebaixaonline.com.br\/index.php\/wp-json\/wp\/v2\/posts\/4154\/revisions\/4156"}],"wp:featuredmedia":[{"embeddable":true,"href":"https:\/\/cidadebaixaonline.com.br\/index.php\/wp-json\/wp\/v2\/media\/4155"}],"wp:attachment":[{"href":"https:\/\/cidadebaixaonline.com.br\/index.php\/wp-json\/wp\/v2\/media?parent=4154"}],"wp:term":[{"taxonomy":"category","embeddable":true,"href":"https:\/\/cidadebaixaonline.com.br\/index.php\/wp-json\/wp\/v2\/categories?post=4154"},{"taxonomy":"post_tag","embeddable":true,"href":"https:\/\/cidadebaixaonline.com.br\/index.php\/wp-json\/wp\/v2\/tags?post=4154"}],"curies":[{"name":"wp","href":"https:\/\/api.w.org\/{rel}","templated":true}]}}