{"id":4145,"date":"2023-09-15T09:56:53","date_gmt":"2023-09-15T12:56:53","guid":{"rendered":"https:\/\/cidadebaixaonline.com.br\/?p=4145"},"modified":"2023-09-15T09:56:55","modified_gmt":"2023-09-15T12:56:55","slug":"principio-de-incendio-em-faculdade-na-av-paralela-causa-panico-nos-estudantes","status":"publish","type":"post","link":"https:\/\/cidadebaixaonline.com.br\/index.php\/2023\/09\/15\/principio-de-incendio-em-faculdade-na-av-paralela-causa-panico-nos-estudantes\/","title":{"rendered":"Princ\u00edpio de inc\u00eandio em faculdade na Av. Paralela causa p\u00e2nico nos estudantes"},"content":{"rendered":"\n<p>Um princ\u00edpio de inc\u00eandio chamou aten\u00e7\u00e3o de pedestres que caminhavam na Avenida Paralela,&nbsp;uma pe\u00e7a do sistema de ar-condicionado do pr\u00e9dio da Faculdade Zarns Salvador, teve super aquecimento e fez com que o alarme de inc\u00eandia fosse disparado, causando p\u00e2nico nos estudantes da universidade e nos pedestres que transitavam pr\u00f3ximas ao local.<\/p>\n\n\n\n<p>De acordo com informa\u00e7\u00f5es do Corpo de Bombeiro da Bahia, duas&nbsp;pessoas ficaram feridas por da conta da correria que foi gerado pelo principio de incendio, na tarde desta quinta-feira (14).<\/p>\n\n\n\n<p>As pessoas que tiveram ferimentos foram atendidas pelo Corpo de Bombeiros. Em nota, a institui\u00e7\u00e3o de ensino informou&nbsp;que n\u00e3o houve foco de inc\u00eandio em nenhum ponto do pr\u00e9dio, tamb\u00e9m foi informado a suspens\u00e3o das aulas visando garantir&nbsp;a seguran\u00e7a de funcion\u00e1rios e estudantes.<\/p>\n\n\n\n<p><strong>Confira a nota divulgada pela institui\u00e7\u00e3o<\/strong><br>A Faculdade Zarns Salvador informa que na tarde desta quinta-feira (14), o alarme do pr\u00e9dio da Faculdade Zarns Salvador tocou, em raz\u00e3o de um aquecimento em uma pe\u00e7a no sistema de ar-condicionado.<\/p>\n\n\n\n<p>Fonte: Varela Net <\/p>\n","protected":false},"excerpt":{"rendered":"<p>Um princ\u00edpio de inc\u00eandio chamou aten\u00e7\u00e3o de pedestres que caminhavam na Avenida Paralela,&nbsp;uma pe\u00e7a do sistema de ar-condicionado do pr\u00e9dio da Faculdade Zarns Salvador, teve super aquecimento e fez com que o alarme de inc\u00eandia fosse disparado, causando p\u00e2nico nos estudantes da universidade e nos pedestres que transitavam pr\u00f3ximas ao local. De acordo com informa\u00e7\u00f5es [&hellip;]<\/p>\n","protected":false},"author":2,"featured_media":4146,"comment_status":"open","ping_status":"open","sticky":false,"template":"","format":"standard","meta":{"jnews-multi-image_gallery":[],"jnews_single_post":{"subtitle":"","format":"standard","video":"","gallery":"","source_name":"","source_url":"","via_name":"","via_url":"","override_template":"0","override":[{"template":"1","single_blog_custom":"","parallax":"1","fullscreen":"1","layout":"right-sidebar","sidebar":"default-sidebar","second_sidebar":"default-sidebar","sticky_sidebar":"1","share_position":"top","share_float_style":"share-monocrhome","show_share_counter":"0","show_view_counter":"0","show_featured":"1","show_post_meta":"1","show_post_author":"0","show_post_author_image":"1","show_post_date":"1","post_date_format":"default","post_date_format_custom":"Y\/m\/d","show_post_category":"1","show_post_reading_time":"0","post_reading_time_wpm":"300","show_zoom_button":"0","zoom_button_out_step":"2","zoom_button_in_step":"3","show_post_tag":"1","show_prev_next_post":"1","show_popup_post":"1","number_popup_post":"1","show_author_box":"0","show_post_related":"0","show_inline_post_related":"0"}],"override_image_size":"0","image_override":[{"single_post_thumbnail_size":"no-crop","single_post_gallery_size":"crop-715"}],"trending_post":"0","trending_post_position":"meta","trending_post_label":"Trending","sponsored_post":"0","sponsored_post_label":"Sponsored by","sponsored_post_name":"","sponsored_post_url":"","sponsored_post_logo_enable":"0","sponsored_post_logo":"","sponsored_post_desc":"","disable_ad":"0"},"jnews_primary_category":{"id":"","hide":""},"footnotes":""},"categories":[85],"tags":[],"class_list":["post-4145","post","type-post","status-publish","format-standard","has-post-thumbnail","hentry","category-noticias"],"_links":{"self":[{"href":"https:\/\/cidadebaixaonline.com.br\/index.php\/wp-json\/wp\/v2\/posts\/4145","targetHints":{"allow":["GET"]}}],"collection":[{"href":"https:\/\/cidadebaixaonline.com.br\/index.php\/wp-json\/wp\/v2\/posts"}],"about":[{"href":"https:\/\/cidadebaixaonline.com.br\/index.php\/wp-json\/wp\/v2\/types\/post"}],"author":[{"embeddable":true,"href":"https:\/\/cidadebaixaonline.com.br\/index.php\/wp-json\/wp\/v2\/users\/2"}],"replies":[{"embeddable":true,"href":"https:\/\/cidadebaixaonline.com.br\/index.php\/wp-json\/wp\/v2\/comments?post=4145"}],"version-history":[{"count":1,"href":"https:\/\/cidadebaixaonline.com.br\/index.php\/wp-json\/wp\/v2\/posts\/4145\/revisions"}],"predecessor-version":[{"id":4147,"href":"https:\/\/cidadebaixaonline.com.br\/index.php\/wp-json\/wp\/v2\/posts\/4145\/revisions\/4147"}],"wp:featuredmedia":[{"embeddable":true,"href":"https:\/\/cidadebaixaonline.com.br\/index.php\/wp-json\/wp\/v2\/media\/4146"}],"wp:attachment":[{"href":"https:\/\/cidadebaixaonline.com.br\/index.php\/wp-json\/wp\/v2\/media?parent=4145"}],"wp:term":[{"taxonomy":"category","embeddable":true,"href":"https:\/\/cidadebaixaonline.com.br\/index.php\/wp-json\/wp\/v2\/categories?post=4145"},{"taxonomy":"post_tag","embeddable":true,"href":"https:\/\/cidadebaixaonline.com.br\/index.php\/wp-json\/wp\/v2\/tags?post=4145"}],"curies":[{"name":"wp","href":"https:\/\/api.w.org\/{rel}","templated":true}]}}