{"id":4139,"date":"2023-09-14T16:27:51","date_gmt":"2023-09-14T19:27:51","guid":{"rendered":"https:\/\/cidadebaixaonline.com.br\/?p=4139"},"modified":"2023-09-14T16:27:53","modified_gmt":"2023-09-14T19:27:53","slug":"o-que-e-o-virus-nipah-transmitido-por-morcegos-que-parou-um-pais","status":"publish","type":"post","link":"https:\/\/cidadebaixaonline.com.br\/index.php\/2023\/09\/14\/o-que-e-o-virus-nipah-transmitido-por-morcegos-que-parou-um-pais\/","title":{"rendered":"O que \u00e9 o v\u00edrus Nipah, transmitido por morcegos, que &#8216;parou&#8217; um pa\u00eds"},"content":{"rendered":"\n<p>A \u00cdndia restringiu as reuni\u00f5es p\u00fablicas e fechou algumas escolas no estado de Kerala, no sul do pa\u00eds, depois de duas pessoas morrerem de Nipah, um v\u00edrus que tem origem em morcegos ou porcos e que causa febre mortal, informaram as autoridades esta quinta-feira, 14.<\/p>\n\n\n\n<p>O v\u00edrus n\u00e3o tem vacina e tem uma taxa de letalidade que varia entre os 40% e os 75%, segundo a Organiza\u00e7\u00e3o Mundial da Sa\u00fade (OMS).<\/p>\n\n\n\n<p>Os sintomas incluem febre intensa, v\u00f3mitos e infe\u00e7\u00e3o respirat\u00f3ria, mas os casos graves podem envolver convuls\u00f5es e encefalite, uma inflama\u00e7\u00e3o do c\u00e9rebro, e resultar em coma.<\/p>\n\n\n\n<p>Al\u00e9m dos dois casos mortais, outras tr\u00eas pessoas testaram positivo e mais de 700 pessoas, incluindo 153 profissionais de sa\u00fade que entraram em contacto com pessoas infetadas, est\u00e3o sob observa\u00e7\u00e3o, disseram autoridades de sa\u00fade.<\/p>\n\n\n\n<p>Pelo menos quatro pessoas foram hospitalizadas, incluindo o filho de nove anos de uma das v\u00edtimas.<\/p>\n\n\n\n<p>Inicialmente transmitido por animais como morcegos frug\u00edvoros ou porcos, o Nipah tamb\u00e9m \u00e9 transmitido de pessoa para pessoa, explica a OMS.<\/p>\n\n\n\n<p>O per\u00edodo de incuba\u00e7\u00e3o \u2013 o tempo desde a infec\u00e7\u00e3o at\u00e9 o in\u00edcio dos sintomas \u2013 varia de quatro a 14 dias, mas foi relatado que chega a 45 dias, de acordo com a OMS.<\/p>\n\n\n\n<p>Em 2018, pelo menos 17 pessoas morreram ap\u00f3s serem infetadas pelo v\u00edrus em Kerala.<\/p>\n\n\n\n<p>O v\u00edrus foi identificado pela primeira vez em 1998, depois de se espalhar entre criadores de su\u00ednos na Mal\u00e1sia. Na \u00cdndia, o primeiro surto de Nipah foi relatado no estado de Bengala Ocidental em 2001.<\/p>\n\n\n\n<p>A OMS lista a Nipah como uma das suas doen\u00e7as priorit\u00e1rias que representa \u201co maior risco para a sa\u00fade p\u00fablica devido ao seu potencial epid\u00e9mico\u201d e onde h\u00e1 \u201cnenhuma ou insuficiente contramedida\u201d.<\/p>\n\n\n\n<p>Fonte: ATarde <\/p>\n","protected":false},"excerpt":{"rendered":"<p>A \u00cdndia restringiu as reuni\u00f5es p\u00fablicas e fechou algumas escolas no estado de Kerala, no sul do pa\u00eds, depois de duas pessoas morrerem de Nipah, um v\u00edrus que tem origem em morcegos ou porcos e que causa febre mortal, informaram as autoridades esta quinta-feira, 14. O v\u00edrus n\u00e3o tem vacina e tem uma taxa de [&hellip;]<\/p>\n","protected":false},"author":2,"featured_media":4140,"comment_status":"open","ping_status":"open","sticky":false,"template":"","format":"standard","meta":{"jnews-multi-image_gallery":[],"jnews_single_post":{"subtitle":"","format":"standard","video":"","gallery":"","source_name":"","source_url":"","via_name":"","via_url":"","override_template":"0","override":[{"template":"1","single_blog_custom":"","parallax":"1","fullscreen":"1","layout":"right-sidebar","sidebar":"default-sidebar","second_sidebar":"default-sidebar","sticky_sidebar":"1","share_position":"top","share_float_style":"share-monocrhome","show_share_counter":"0","show_view_counter":"0","show_featured":"1","show_post_meta":"1","show_post_author":"0","show_post_author_image":"1","show_post_date":"1","post_date_format":"default","post_date_format_custom":"Y\/m\/d","show_post_category":"1","show_post_reading_time":"0","post_reading_time_wpm":"300","show_zoom_button":"0","zoom_button_out_step":"2","zoom_button_in_step":"3","show_post_tag":"1","show_prev_next_post":"1","show_popup_post":"1","number_popup_post":"1","show_author_box":"0","show_post_related":"0","show_inline_post_related":"0"}],"override_image_size":"0","image_override":[{"single_post_thumbnail_size":"no-crop","single_post_gallery_size":"crop-715"}],"trending_post":"0","trending_post_position":"meta","trending_post_label":"Trending","sponsored_post":"0","sponsored_post_label":"Sponsored by","sponsored_post_name":"","sponsored_post_url":"","sponsored_post_logo_enable":"0","sponsored_post_logo":"","sponsored_post_desc":"","disable_ad":"0"},"jnews_primary_category":{"id":"","hide":""},"footnotes":""},"categories":[85],"tags":[],"class_list":["post-4139","post","type-post","status-publish","format-standard","has-post-thumbnail","hentry","category-noticias"],"_links":{"self":[{"href":"https:\/\/cidadebaixaonline.com.br\/index.php\/wp-json\/wp\/v2\/posts\/4139","targetHints":{"allow":["GET"]}}],"collection":[{"href":"https:\/\/cidadebaixaonline.com.br\/index.php\/wp-json\/wp\/v2\/posts"}],"about":[{"href":"https:\/\/cidadebaixaonline.com.br\/index.php\/wp-json\/wp\/v2\/types\/post"}],"author":[{"embeddable":true,"href":"https:\/\/cidadebaixaonline.com.br\/index.php\/wp-json\/wp\/v2\/users\/2"}],"replies":[{"embeddable":true,"href":"https:\/\/cidadebaixaonline.com.br\/index.php\/wp-json\/wp\/v2\/comments?post=4139"}],"version-history":[{"count":1,"href":"https:\/\/cidadebaixaonline.com.br\/index.php\/wp-json\/wp\/v2\/posts\/4139\/revisions"}],"predecessor-version":[{"id":4141,"href":"https:\/\/cidadebaixaonline.com.br\/index.php\/wp-json\/wp\/v2\/posts\/4139\/revisions\/4141"}],"wp:featuredmedia":[{"embeddable":true,"href":"https:\/\/cidadebaixaonline.com.br\/index.php\/wp-json\/wp\/v2\/media\/4140"}],"wp:attachment":[{"href":"https:\/\/cidadebaixaonline.com.br\/index.php\/wp-json\/wp\/v2\/media?parent=4139"}],"wp:term":[{"taxonomy":"category","embeddable":true,"href":"https:\/\/cidadebaixaonline.com.br\/index.php\/wp-json\/wp\/v2\/categories?post=4139"},{"taxonomy":"post_tag","embeddable":true,"href":"https:\/\/cidadebaixaonline.com.br\/index.php\/wp-json\/wp\/v2\/tags?post=4139"}],"curies":[{"name":"wp","href":"https:\/\/api.w.org\/{rel}","templated":true}]}}