{"id":4073,"date":"2023-09-13T16:24:21","date_gmt":"2023-09-13T19:24:21","guid":{"rendered":"https:\/\/cidadebaixaonline.com.br\/?p=4073"},"modified":"2023-09-13T16:24:23","modified_gmt":"2023-09-13T19:24:23","slug":"prefeitura-vai-adquirir-mais-50-mil-tablets-e-12-mil-chromebooks-para-alunos-e-escolas-municipais","status":"publish","type":"post","link":"https:\/\/cidadebaixaonline.com.br\/index.php\/2023\/09\/13\/prefeitura-vai-adquirir-mais-50-mil-tablets-e-12-mil-chromebooks-para-alunos-e-escolas-municipais\/","title":{"rendered":"Prefeitura vai adquirir mais 50 mil tablets e 1,2 mil chromebooks para alunos e escolas municipais"},"content":{"rendered":"\n<p>A Prefeitura de Salvador vai adquirir mais 50 mil tablets para serem distribu\u00eddos aos alunos que v\u00e3o entrar na rede municipal a partir de 2024 e mais 1,2 mil chromebooks, que ser\u00e3o colocados \u00e0 disposi\u00e7\u00e3o dos gestores e professores em 318 unidades de ensino. A autoriza\u00e7\u00e3o das compras foi anunciada pelo prefeito Bruno Reis na manh\u00e3 desta quarta-feira (13), em evento que reuniu centenas de educadores no Hotel Fiesta.<\/p>\n\n\n\n<p>Al\u00e9m disso, o secret\u00e1rio de Educa\u00e7\u00e3o (Smed) do munic\u00edpio, Thiago Dantas afirmou que a Prefeitura vai adquirir 931 computadores a fim de equipar 62 laborat\u00f3rios de inform\u00e1ticas que foram mapeados pela pasta em unidades de ensino da capital baiana. De acordo com o gestor, as estruturas j\u00e1 existem, por\u00e9m precisam dessa atualiza\u00e7\u00e3o de equipamentos para funcionarem melhor.<\/p>\n\n\n\n<p>O prefeito Bruno Reis destacou que a aquisi\u00e7\u00e3o de novos tablets e chromebooks fazem parte do esfor\u00e7o da gest\u00e3o para desenvolver a educa\u00e7\u00e3o digital no munic\u00edpio. \u201cAtrav\u00e9s das plataformas Tech4Kids e do AVA (Ambiente Virtual de Aprendizado), elas t\u00eam acesso a conte\u00fados de letramento digital, inclusive de produ\u00e7\u00e3o de games, pelas quais as crian\u00e7as podem, de forma criativa e l\u00fadica, aprender. Al\u00e9m disso, todo esse investimento em tecnologia vem para ajudar na recomposi\u00e7\u00e3o de aulas e nas perdas de aprendizagem que n\u00f3s, infelizmente, tivemos durante a pandemia\u201d, disse.<\/p>\n\n\n\n<p>No evento desta quarta-feira (13), foi lan\u00e7ada a campanha \u201cLetramento Digital na Sala de Aula: Trilha para o Futuro!\u201d, que tem como objetivo incentivar o empenho de educadores na inclus\u00e3o digital nas escolas. Os vencedores da 1\u00aa fase receber\u00e3o entradas para um show exclusivo de Carlinhos Brown no Wet\u2019n Wild, no dia 8 de dezembro. Na 2\u00aa fase, os pr\u00eamios s\u00e3o 30 viagens para a cidade de S\u00e3o Paulo, onde ter\u00e3o um congresso de Educa\u00e7\u00e3o e Tecnologia, e 10 viagens para Lisboa, onde conhecer\u00e3o escolas e ter\u00e3o turismo cultural.<\/p>\n\n\n\n<p>\u201cCom esse pacote, n\u00f3s estamos garantindo o acesso das crian\u00e7as a esse mundo digital. O que deveria ser futuro, na verdade, \u00e9 a exig\u00eancia do presente. O nosso primeiro e principal desafio na educa\u00e7\u00e3o \u00e9 garantir a alfabetiza\u00e7\u00e3o das crian\u00e7as, para que elas possam ler e escrever. O segundo grande desafio \u00e9 fazer esse letramento digital, fazendo com que elas sejam inseridas nesse mundo para, a\u00ed sim, estejam conectadas a tudo o que est\u00e1 ocorrendo no mundo globalizado, competitivo e de alta tecnologia\u201d, afirmou Bruno Reis.<\/p>\n\n\n\n<p>Os novos equipamentos v\u00e3o se somar aos 106 mil tablets j\u00e1 distribu\u00eddos em 2022 pela Prefeitura de Salvador a alunos do 1\u00ba ao 9\u00ba ano das escolas municipais, assim como aos 8 mil chromebooks entregues a professores e educadores em geral.<\/p>\n\n\n\n<p>Todos os equipamentos foram entregues com chips de conex\u00e3o com a internet. Por\u00e9m, al\u00e9m disso, a gest\u00e3o municipal est\u00e1 instalando a Infovia da Cidade Inteligente, que vai conectar at\u00e9 o final deste ano todas as unidades de ensino da capital baiana a internet com at\u00e9 1 GB de velocidade.<\/p>\n\n\n\n<p>Fotos: Valter Pontes \/ Secom PMS_<br>Reportagem: Thiago Souza e Vitor Villar \/ Secom PMS<\/p>\n","protected":false},"excerpt":{"rendered":"<p>A Prefeitura de Salvador vai adquirir mais 50 mil tablets para serem distribu\u00eddos aos alunos que v\u00e3o entrar na rede municipal a partir de 2024 e mais 1,2 mil chromebooks, que ser\u00e3o colocados \u00e0 disposi\u00e7\u00e3o dos gestores e professores em 318 unidades de ensino. A autoriza\u00e7\u00e3o das compras foi anunciada pelo prefeito Bruno Reis na [&hellip;]<\/p>\n","protected":false},"author":2,"featured_media":4074,"comment_status":"open","ping_status":"open","sticky":false,"template":"","format":"standard","meta":{"jnews-multi-image_gallery":[],"jnews_single_post":{"subtitle":"","format":"standard","video":"","gallery":"","source_name":"","source_url":"","via_name":"","via_url":"","override_template":"0","override":[{"template":"1","single_blog_custom":"","parallax":"1","fullscreen":"1","layout":"right-sidebar","sidebar":"default-sidebar","second_sidebar":"default-sidebar","sticky_sidebar":"1","share_position":"top","share_float_style":"share-monocrhome","show_share_counter":"0","show_view_counter":"0","show_featured":"1","show_post_meta":"1","show_post_author":"0","show_post_author_image":"1","show_post_date":"1","post_date_format":"default","post_date_format_custom":"Y\/m\/d","show_post_category":"1","show_post_reading_time":"0","post_reading_time_wpm":"300","show_zoom_button":"0","zoom_button_out_step":"2","zoom_button_in_step":"3","show_post_tag":"1","show_prev_next_post":"1","show_popup_post":"1","number_popup_post":"1","show_author_box":"0","show_post_related":"0","show_inline_post_related":"0"}],"override_image_size":"0","image_override":[{"single_post_thumbnail_size":"no-crop","single_post_gallery_size":"crop-715"}],"trending_post":"0","trending_post_position":"meta","trending_post_label":"Trending","sponsored_post":"0","sponsored_post_label":"Sponsored by","sponsored_post_name":"","sponsored_post_url":"","sponsored_post_logo_enable":"0","sponsored_post_logo":"","sponsored_post_desc":"","disable_ad":"0"},"jnews_primary_category":{"id":"","hide":""},"footnotes":""},"categories":[85],"tags":[],"class_list":["post-4073","post","type-post","status-publish","format-standard","has-post-thumbnail","hentry","category-noticias"],"_links":{"self":[{"href":"https:\/\/cidadebaixaonline.com.br\/index.php\/wp-json\/wp\/v2\/posts\/4073","targetHints":{"allow":["GET"]}}],"collection":[{"href":"https:\/\/cidadebaixaonline.com.br\/index.php\/wp-json\/wp\/v2\/posts"}],"about":[{"href":"https:\/\/cidadebaixaonline.com.br\/index.php\/wp-json\/wp\/v2\/types\/post"}],"author":[{"embeddable":true,"href":"https:\/\/cidadebaixaonline.com.br\/index.php\/wp-json\/wp\/v2\/users\/2"}],"replies":[{"embeddable":true,"href":"https:\/\/cidadebaixaonline.com.br\/index.php\/wp-json\/wp\/v2\/comments?post=4073"}],"version-history":[{"count":1,"href":"https:\/\/cidadebaixaonline.com.br\/index.php\/wp-json\/wp\/v2\/posts\/4073\/revisions"}],"predecessor-version":[{"id":4075,"href":"https:\/\/cidadebaixaonline.com.br\/index.php\/wp-json\/wp\/v2\/posts\/4073\/revisions\/4075"}],"wp:featuredmedia":[{"embeddable":true,"href":"https:\/\/cidadebaixaonline.com.br\/index.php\/wp-json\/wp\/v2\/media\/4074"}],"wp:attachment":[{"href":"https:\/\/cidadebaixaonline.com.br\/index.php\/wp-json\/wp\/v2\/media?parent=4073"}],"wp:term":[{"taxonomy":"category","embeddable":true,"href":"https:\/\/cidadebaixaonline.com.br\/index.php\/wp-json\/wp\/v2\/categories?post=4073"},{"taxonomy":"post_tag","embeddable":true,"href":"https:\/\/cidadebaixaonline.com.br\/index.php\/wp-json\/wp\/v2\/tags?post=4073"}],"curies":[{"name":"wp","href":"https:\/\/api.w.org\/{rel}","templated":true}]}}