{"id":4011,"date":"2023-09-12T16:20:44","date_gmt":"2023-09-12T19:20:44","guid":{"rendered":"https:\/\/cidadebaixaonline.com.br\/?p=4011"},"modified":"2023-09-12T16:20:46","modified_gmt":"2023-09-12T19:20:46","slug":"indice-de-brasileiros-que-se-dizem-de-direita-e-o-dobro-dos-de-esquerda-aponta-pesquisa","status":"publish","type":"post","link":"https:\/\/cidadebaixaonline.com.br\/index.php\/2023\/09\/12\/indice-de-brasileiros-que-se-dizem-de-direita-e-o-dobro-dos-de-esquerda-aponta-pesquisa\/","title":{"rendered":"\u00cdndice de brasileiros que se dizem de direita \u00e9 o dobro dos de esquerda, aponta pesquisa"},"content":{"rendered":"\n<p>Mesmo ap\u00f3s a derrota de Jair Bolsonaro (PL) nas urnas e a inelegibilidade dele, o Brasil tem mais pessoas que se identificam como de direita. Segundo a pesquisa de opini\u00e3o p\u00fablica \u201cA Cara da Democracia\u201d, realizada pelo Instituto da Democracia (IDDC-INCT), mais de um quinto (22%) dos brasileiros se dizem de direita, enquanto os que se classificam como de esquerda representam apenas metade&nbsp;(11%).<\/p>\n\n\n\n<p>A direita vem vivendo um&nbsp;<em>boom<\/em>&nbsp;entre os brasileiros. Em 2018, essa parcela da popula\u00e7\u00e3o representava 9%. No ano seguinte, dobrou e em 2022 chegou a 24%, o maior patamar at\u00e9 aqui. Entre o levantamento deste ano e do ano passado, Bolsonaro foi declarado ineleg\u00edvel pela Justi\u00e7a eleitoral, mas a diferen\u00e7a entre os \u00edndices de brasileiros que se dizem de direita est\u00e1 dentro da margem de erro.<\/p>\n\n\n\n<p>J\u00e1 o percentual de pessoas que se classificam como de esquerda se mantem est\u00e1vel desde 2022. Mas esse grupo tamb\u00e9m tem crescido no pa\u00eds: em 2018, quando a Lava Jato vivia seu auge, apenas 6% dos brasileiros se diziam de esquerda.<\/p>\n\n\n\n<p>Al\u00e9m de uma maior representatividade entre os que se dizem de direita, cresceu tamb\u00e9m o n\u00famero de pessoas com opini\u00f5es pessoais majoritariamente conservadoras, principalmente nas chamadas pautas de costumes. A pesquisa apontou, por exemplo, que 79% dos brasileiros se dizem contr\u00e1rios \u00e0 legaliza\u00e7\u00e3o do aborto e 70% se op\u00f5em \u00e0 descriminaliza\u00e7\u00e3o do uso das drogas.<\/p>\n\n\n\n<p>A pesquisa foi feita entre 22 e 29 de agosto e a margem de erro \u00e9 de 2 pontos percentuais para mais ou menos com \u00edndice de confian\u00e7a \u00e9 de 95%. Foram entrevistados presencialmente 2.558 eleitores em 167 cidades, de todas as regi\u00f5es do pa\u00eds. O levantamento \u00e9 financiado pelo CNPq e pela Fapemig.<\/p>\n\n\n\n<p>Fonte: Metro1 <\/p>\n","protected":false},"excerpt":{"rendered":"<p>Mesmo ap\u00f3s a derrota de Jair Bolsonaro (PL) nas urnas e a inelegibilidade dele, o Brasil tem mais pessoas que se identificam como de direita. Segundo a pesquisa de opini\u00e3o p\u00fablica \u201cA Cara da Democracia\u201d, realizada pelo Instituto da Democracia (IDDC-INCT), mais de um quinto (22%) dos brasileiros se dizem de direita, enquanto os que [&hellip;]<\/p>\n","protected":false},"author":2,"featured_media":4012,"comment_status":"open","ping_status":"open","sticky":false,"template":"","format":"standard","meta":{"jnews-multi-image_gallery":[],"jnews_single_post":{"subtitle":"","format":"standard","video":"","gallery":"","source_name":"","source_url":"","via_name":"","via_url":"","override_template":"0","override":[{"template":"1","single_blog_custom":"","parallax":"1","fullscreen":"1","layout":"right-sidebar","sidebar":"default-sidebar","second_sidebar":"default-sidebar","sticky_sidebar":"1","share_position":"top","share_float_style":"share-monocrhome","show_share_counter":"0","show_view_counter":"0","show_featured":"1","show_post_meta":"1","show_post_author":"0","show_post_author_image":"1","show_post_date":"1","post_date_format":"default","post_date_format_custom":"Y\/m\/d","show_post_category":"1","show_post_reading_time":"0","post_reading_time_wpm":"300","show_zoom_button":"0","zoom_button_out_step":"2","zoom_button_in_step":"3","show_post_tag":"1","show_prev_next_post":"1","show_popup_post":"1","number_popup_post":"1","show_author_box":"0","show_post_related":"0","show_inline_post_related":"0"}],"override_image_size":"0","image_override":[{"single_post_thumbnail_size":"no-crop","single_post_gallery_size":"crop-715"}],"trending_post":"0","trending_post_position":"meta","trending_post_label":"Trending","sponsored_post":"0","sponsored_post_label":"Sponsored by","sponsored_post_name":"","sponsored_post_url":"","sponsored_post_logo_enable":"0","sponsored_post_logo":"","sponsored_post_desc":"","disable_ad":"0"},"jnews_primary_category":{"id":"","hide":""},"footnotes":""},"categories":[85],"tags":[],"class_list":["post-4011","post","type-post","status-publish","format-standard","has-post-thumbnail","hentry","category-noticias"],"_links":{"self":[{"href":"https:\/\/cidadebaixaonline.com.br\/index.php\/wp-json\/wp\/v2\/posts\/4011","targetHints":{"allow":["GET"]}}],"collection":[{"href":"https:\/\/cidadebaixaonline.com.br\/index.php\/wp-json\/wp\/v2\/posts"}],"about":[{"href":"https:\/\/cidadebaixaonline.com.br\/index.php\/wp-json\/wp\/v2\/types\/post"}],"author":[{"embeddable":true,"href":"https:\/\/cidadebaixaonline.com.br\/index.php\/wp-json\/wp\/v2\/users\/2"}],"replies":[{"embeddable":true,"href":"https:\/\/cidadebaixaonline.com.br\/index.php\/wp-json\/wp\/v2\/comments?post=4011"}],"version-history":[{"count":1,"href":"https:\/\/cidadebaixaonline.com.br\/index.php\/wp-json\/wp\/v2\/posts\/4011\/revisions"}],"predecessor-version":[{"id":4013,"href":"https:\/\/cidadebaixaonline.com.br\/index.php\/wp-json\/wp\/v2\/posts\/4011\/revisions\/4013"}],"wp:featuredmedia":[{"embeddable":true,"href":"https:\/\/cidadebaixaonline.com.br\/index.php\/wp-json\/wp\/v2\/media\/4012"}],"wp:attachment":[{"href":"https:\/\/cidadebaixaonline.com.br\/index.php\/wp-json\/wp\/v2\/media?parent=4011"}],"wp:term":[{"taxonomy":"category","embeddable":true,"href":"https:\/\/cidadebaixaonline.com.br\/index.php\/wp-json\/wp\/v2\/categories?post=4011"},{"taxonomy":"post_tag","embeddable":true,"href":"https:\/\/cidadebaixaonline.com.br\/index.php\/wp-json\/wp\/v2\/tags?post=4011"}],"curies":[{"name":"wp","href":"https:\/\/api.w.org\/{rel}","templated":true}]}}