{"id":3943,"date":"2023-09-11T15:13:19","date_gmt":"2023-09-11T18:13:19","guid":{"rendered":"https:\/\/cidadebaixaonline.com.br\/?p=3943"},"modified":"2023-09-11T15:13:22","modified_gmt":"2023-09-11T18:13:22","slug":"faustao-recebe-alta-hospitalar-apos-transplante-de-coracao","status":"publish","type":"post","link":"https:\/\/cidadebaixaonline.com.br\/index.php\/2023\/09\/11\/faustao-recebe-alta-hospitalar-apos-transplante-de-coracao\/","title":{"rendered":"Faust\u00e3o recebe alta hospitalar ap\u00f3s transplante de cora\u00e7\u00e3o"},"content":{"rendered":"\n<p>O apresentador Fausto Silva, o Faust\u00e3o, recebeu alta neste domingo (10\/10) do Hospital Albert Einstein, onde foi submetido a um transplante de cora\u00e7\u00e3o, no \u00faltimo dia 27 de agosto. Ele estava internado desde 5 de agosto em raz\u00e3o de uma insufici\u00eancia card\u00edaca.<\/p>\n\n\n\n<p>\u201cFausto Silva recebeu alta do Hospital Israelita Albert Einstein neste domingo, dia 10 de setembro de 2023. O paciente seguir\u00e1 sob as orienta\u00e7\u00f5es m\u00e9dicas e nutricionais necess\u00e1rias para a reabilita\u00e7\u00e3o ap\u00f3s o transplante card\u00edaco\u201d, diz o boletim m\u00e9dico divulgado na manh\u00e3 de hoje.<\/p>\n\n\n\n<p>De acordo com a equipe m\u00e9dica, Faust\u00e3o n\u00e3o apresenta sinais de rejei\u00e7\u00e3o ao \u00f3rg\u00e3o e est\u00e1 com a fun\u00e7\u00e3o card\u00edaca normal. Na sexta-feira (8), ele foi transferido da unidade de tratamento intensiva para o quarto. O apresentador foi inclu\u00eddo na fila de transplantes do Sistema \u00danico de Sa\u00fade (SUS) ap\u00f3s o agravamento de um quadro de insufici\u00eancia card\u00edaca, que ele apresentava desde 2020.<\/p>\n\n\n\n<p>Fonte: Aratu On <\/p>\n\n\n\n<p><\/p>\n","protected":false},"excerpt":{"rendered":"<p>O apresentador Fausto Silva, o Faust\u00e3o, recebeu alta neste domingo (10\/10) do Hospital Albert Einstein, onde foi submetido a um transplante de cora\u00e7\u00e3o, no \u00faltimo dia 27 de agosto. Ele estava internado desde 5 de agosto em raz\u00e3o de uma insufici\u00eancia card\u00edaca. \u201cFausto Silva recebeu alta do Hospital Israelita Albert Einstein neste domingo, dia 10 [&hellip;]<\/p>\n","protected":false},"author":2,"featured_media":3944,"comment_status":"open","ping_status":"open","sticky":false,"template":"","format":"standard","meta":{"jnews-multi-image_gallery":[],"jnews_single_post":{"subtitle":"","format":"standard","video":"","gallery":"","source_name":"","source_url":"","via_name":"","via_url":"","override_template":"0","override":[{"template":"1","single_blog_custom":"","parallax":"1","fullscreen":"1","layout":"right-sidebar","sidebar":"default-sidebar","second_sidebar":"default-sidebar","sticky_sidebar":"1","share_position":"top","share_float_style":"share-monocrhome","show_share_counter":"0","show_view_counter":"0","show_featured":"1","show_post_meta":"1","show_post_author":"0","show_post_author_image":"1","show_post_date":"1","post_date_format":"default","post_date_format_custom":"Y\/m\/d","show_post_category":"1","show_post_reading_time":"0","post_reading_time_wpm":"300","show_zoom_button":"0","zoom_button_out_step":"2","zoom_button_in_step":"3","show_post_tag":"1","show_prev_next_post":"1","show_popup_post":"1","number_popup_post":"1","show_author_box":"0","show_post_related":"0","show_inline_post_related":"0"}],"override_image_size":"0","image_override":[{"single_post_thumbnail_size":"no-crop","single_post_gallery_size":"crop-715"}],"trending_post":"0","trending_post_position":"meta","trending_post_label":"Trending","sponsored_post":"0","sponsored_post_label":"Sponsored by","sponsored_post_name":"","sponsored_post_url":"","sponsored_post_logo_enable":"0","sponsored_post_logo":"","sponsored_post_desc":"","disable_ad":"0"},"jnews_primary_category":{"id":"","hide":""},"footnotes":""},"categories":[94],"tags":[],"class_list":["post-3943","post","type-post","status-publish","format-standard","has-post-thumbnail","hentry","category-saude-2"],"_links":{"self":[{"href":"https:\/\/cidadebaixaonline.com.br\/index.php\/wp-json\/wp\/v2\/posts\/3943","targetHints":{"allow":["GET"]}}],"collection":[{"href":"https:\/\/cidadebaixaonline.com.br\/index.php\/wp-json\/wp\/v2\/posts"}],"about":[{"href":"https:\/\/cidadebaixaonline.com.br\/index.php\/wp-json\/wp\/v2\/types\/post"}],"author":[{"embeddable":true,"href":"https:\/\/cidadebaixaonline.com.br\/index.php\/wp-json\/wp\/v2\/users\/2"}],"replies":[{"embeddable":true,"href":"https:\/\/cidadebaixaonline.com.br\/index.php\/wp-json\/wp\/v2\/comments?post=3943"}],"version-history":[{"count":1,"href":"https:\/\/cidadebaixaonline.com.br\/index.php\/wp-json\/wp\/v2\/posts\/3943\/revisions"}],"predecessor-version":[{"id":3945,"href":"https:\/\/cidadebaixaonline.com.br\/index.php\/wp-json\/wp\/v2\/posts\/3943\/revisions\/3945"}],"wp:featuredmedia":[{"embeddable":true,"href":"https:\/\/cidadebaixaonline.com.br\/index.php\/wp-json\/wp\/v2\/media\/3944"}],"wp:attachment":[{"href":"https:\/\/cidadebaixaonline.com.br\/index.php\/wp-json\/wp\/v2\/media?parent=3943"}],"wp:term":[{"taxonomy":"category","embeddable":true,"href":"https:\/\/cidadebaixaonline.com.br\/index.php\/wp-json\/wp\/v2\/categories?post=3943"},{"taxonomy":"post_tag","embeddable":true,"href":"https:\/\/cidadebaixaonline.com.br\/index.php\/wp-json\/wp\/v2\/tags?post=3943"}],"curies":[{"name":"wp","href":"https:\/\/api.w.org\/{rel}","templated":true}]}}