{"id":3931,"date":"2023-09-11T14:08:24","date_gmt":"2023-09-11T17:08:24","guid":{"rendered":"https:\/\/cidadebaixaonline.com.br\/?p=3931"},"modified":"2023-09-11T14:08:27","modified_gmt":"2023-09-11T17:08:27","slug":"stj-julga-se-ex-juiz-baiano-tera-direito-a-indenizacao-por-usar-uniforme-com-propaganda","status":"publish","type":"post","link":"https:\/\/cidadebaixaonline.com.br\/index.php\/2023\/09\/11\/stj-julga-se-ex-juiz-baiano-tera-direito-a-indenizacao-por-usar-uniforme-com-propaganda\/","title":{"rendered":"STJ julga se ex-juiz baiano ter\u00e1 direito \u00e0 indeniza\u00e7\u00e3o por usar uniforme com propaganda"},"content":{"rendered":"\n<p>Sob relatoria da ministra Nancy Andrighi, o Superior Tribunal de Justi\u00e7a (STJ) vai julgar nesta ter\u00e7a-feira (12) se o ex-\u00e1rbitro baiano, Manoel Nunes Lopo Garrido, dever\u00e1 ser indenizado por ter usado uniforme com propagandas. O recurso ser\u00e1 analisado pela Terceira Turma.<\/p>\n\n\n\n<p>Conforme informa\u00e7\u00f5es de O Globo, o colegiado tamb\u00e9m julgar\u00e1 o pedido do ex-assistente&nbsp;Marcelo Bertanha Barison, de S\u00e3o Paulo.&nbsp;<\/p>\n\n\n\n<p>Os dois alegam que entre 2012 e 2015 estamparam a marca da Sky, patrocinadora da CBF, em suas roupas e as imagens foram comercializadas, o que acabou por torn\u00e1-los \u201cgarotos-propaganda\u201d. A logo da companhia de TV por assinatura ficou estampada nos uniformes durante os jogos do Campeonato Brasileiro e Copa do Brasil.&nbsp;<\/p>\n\n\n\n<p>Garrido, que se aposentou em 2014, ingressou com a\u00e7\u00e3o junto ao Tribunal de Justi\u00e7a da Bahia (TJ-BA) e Barison no TJ de S\u00e3o Paulo. Ambos n\u00e3o tiveram o dano moral concedido e, por isso, recorreram ao STJ.<\/p>\n\n\n\n<p>O ac\u00f3rd\u00e3o proferido pela Primeira C\u00e2mara C\u00edvel do TJ-BA destaca trecho do contrato entre a CBF e a Sky como um dos argumentos para negar o pedido de danos morais a Garrido. Na cl\u00e1usula contratual, a CBF declara que \u201cobteve e mant\u00e9m autoriza\u00e7\u00e3o de uso de imagem de todos os \u00e1rbitros que comp\u00f5em a equipe de arbitragem dos campeonatos\u201d para a utiliza\u00e7\u00e3o pela Sky associada \u00e0 sua marca.<\/p>\n\n\n\n<p>\u201cSendo assim, caso a Sky venha a ser processada, administrativa ou judicialmente por qualquer \u00e1rbitro reclamando direitos patrimoniais em decorr\u00eancia da exibi\u00e7\u00e3o de sua imagem associada a marca da Sky, a CBF ser\u00e1 respons\u00e1vel por quaisquer perdas e danos que a Sky vier a sofrer\u201d, estabelece trecho do contrato destacado no ac\u00f3rd\u00e3o.<\/p>\n\n\n\n<p>Em um dos recursos tamb\u00e9m ser\u00e1 discutido o ingresso da CBF, j\u00e1 que a confedera\u00e7\u00e3o fez os contratos.\u00a0<\/p>\n\n\n\n<p>Fonte: Bahia Not\u00edcias <\/p>\n","protected":false},"excerpt":{"rendered":"<p>Sob relatoria da ministra Nancy Andrighi, o Superior Tribunal de Justi\u00e7a (STJ) vai julgar nesta ter\u00e7a-feira (12) se o ex-\u00e1rbitro baiano, Manoel Nunes Lopo Garrido, dever\u00e1 ser indenizado por ter usado uniforme com propagandas. O recurso ser\u00e1 analisado pela Terceira Turma. Conforme informa\u00e7\u00f5es de O Globo, o colegiado tamb\u00e9m julgar\u00e1 o pedido do ex-assistente&nbsp;Marcelo Bertanha [&hellip;]<\/p>\n","protected":false},"author":2,"featured_media":3932,"comment_status":"open","ping_status":"open","sticky":false,"template":"","format":"standard","meta":{"jnews-multi-image_gallery":[],"jnews_single_post":{"subtitle":"","format":"standard","video":"","gallery":"","source_name":"","source_url":"","via_name":"","via_url":"","override_template":"0","override":[{"template":"1","single_blog_custom":"","parallax":"1","fullscreen":"1","layout":"right-sidebar","sidebar":"default-sidebar","second_sidebar":"default-sidebar","sticky_sidebar":"1","share_position":"top","share_float_style":"share-monocrhome","show_share_counter":"0","show_view_counter":"0","show_featured":"1","show_post_meta":"1","show_post_author":"0","show_post_author_image":"1","show_post_date":"1","post_date_format":"default","post_date_format_custom":"Y\/m\/d","show_post_category":"1","show_post_reading_time":"0","post_reading_time_wpm":"300","show_zoom_button":"0","zoom_button_out_step":"2","zoom_button_in_step":"3","show_post_tag":"1","show_prev_next_post":"1","show_popup_post":"1","number_popup_post":"1","show_author_box":"0","show_post_related":"0","show_inline_post_related":"0"}],"override_image_size":"0","image_override":[{"single_post_thumbnail_size":"no-crop","single_post_gallery_size":"crop-715"}],"trending_post":"0","trending_post_position":"meta","trending_post_label":"Trending","sponsored_post":"0","sponsored_post_label":"Sponsored by","sponsored_post_name":"","sponsored_post_url":"","sponsored_post_logo_enable":"0","sponsored_post_logo":"","sponsored_post_desc":"","disable_ad":"0"},"jnews_primary_category":{"id":"","hide":""},"footnotes":""},"categories":[89],"tags":[],"class_list":["post-3931","post","type-post","status-publish","format-standard","has-post-thumbnail","hentry","category-esportes"],"_links":{"self":[{"href":"https:\/\/cidadebaixaonline.com.br\/index.php\/wp-json\/wp\/v2\/posts\/3931","targetHints":{"allow":["GET"]}}],"collection":[{"href":"https:\/\/cidadebaixaonline.com.br\/index.php\/wp-json\/wp\/v2\/posts"}],"about":[{"href":"https:\/\/cidadebaixaonline.com.br\/index.php\/wp-json\/wp\/v2\/types\/post"}],"author":[{"embeddable":true,"href":"https:\/\/cidadebaixaonline.com.br\/index.php\/wp-json\/wp\/v2\/users\/2"}],"replies":[{"embeddable":true,"href":"https:\/\/cidadebaixaonline.com.br\/index.php\/wp-json\/wp\/v2\/comments?post=3931"}],"version-history":[{"count":1,"href":"https:\/\/cidadebaixaonline.com.br\/index.php\/wp-json\/wp\/v2\/posts\/3931\/revisions"}],"predecessor-version":[{"id":3933,"href":"https:\/\/cidadebaixaonline.com.br\/index.php\/wp-json\/wp\/v2\/posts\/3931\/revisions\/3933"}],"wp:featuredmedia":[{"embeddable":true,"href":"https:\/\/cidadebaixaonline.com.br\/index.php\/wp-json\/wp\/v2\/media\/3932"}],"wp:attachment":[{"href":"https:\/\/cidadebaixaonline.com.br\/index.php\/wp-json\/wp\/v2\/media?parent=3931"}],"wp:term":[{"taxonomy":"category","embeddable":true,"href":"https:\/\/cidadebaixaonline.com.br\/index.php\/wp-json\/wp\/v2\/categories?post=3931"},{"taxonomy":"post_tag","embeddable":true,"href":"https:\/\/cidadebaixaonline.com.br\/index.php\/wp-json\/wp\/v2\/tags?post=3931"}],"curies":[{"name":"wp","href":"https:\/\/api.w.org\/{rel}","templated":true}]}}